{"id":18090,"date":"2011-11-15T09:08:33","date_gmt":"2011-11-15T09:08:33","guid":{"rendered":"http:\/\/www.buenosairesdiario.com\/?p=18090"},"modified":"2011-11-15T16:10:14","modified_gmt":"2011-11-15T16:10:14","slug":"pablo-aimar-fue-distinguido-en-portugal","status":"publish","type":"post","link":"https:\/\/legislaturahoy.com\/?p=18090","title":{"rendered":"Pablo Aimar fue distinguido en Portugal"},"content":{"rendered":"<p><a href=\"https:\/\/noticiasbaires.com\/wp-content\/uploads\/2010\/12\/Aimar.jpg\"><img loading=\"lazy\" decoding=\"async\" class=\"alignleft size-medium wp-image-2557\" title=\"Aimar\" src=\"https:\/\/noticiasbaires.com\/wp-content\/uploads\/2010\/12\/Aimar-300x147.jpg\" alt=\"\" width=\"300\" height=\"147\" srcset=\"https:\/\/legislaturahoy.com\/wp-content\/uploads\/2010\/12\/Aimar-300x147.jpg 300w, https:\/\/legislaturahoy.com\/wp-content\/uploads\/2010\/12\/Aimar.jpg 970w\" sizes=\"auto, (max-width: 300px) 100vw, 300px\" \/><\/a>El mediocampista del Benfica, Pablo C\u00e9sar Aimar, recibi\u00f3 el premio a la Excelencia deportiva otorgado por la embajada argentina en Portugal y un grupo empresario.<\/p>\n<p>En un acto que cont\u00f3 con la presencia del embajador argentino en Portugal, Jorge Faurie, Aimar, quien juega en el Benfica desde el 2008, recibi\u00f3 anoche la distinci\u00f3n en compa\u00f1\u00eda de su familia y de algunos de sus compa\u00f1eros de equipo.<\/p>\n<p>El diario A Bola consign\u00f3 que el acto tuvo lugar en una mansi\u00f3n de la Avenida da Liberdade, de Lisboa, donde el ex jugador de River Plate, Valencia y Zaragoza de Espa\u00f1a recibi\u00f3 el premio a la Excelencia en el Deporte, otorgado por el grupo empresarial LIDE y la embajada argentina.<\/p>\n<p>Aimar, de 32 a\u00f1os y nacido en la ciudad cordobesa de R\u00edo Cuarto, fue campe\u00f3n del Mundo con el seleccionado argentino en el Mundial de Malasia de 1997, junto a figuras como Juan Rom\u00e1n Riquelme, Walter Samuel y Esteban Cambiasso.<\/p>\n<p>En tanto con el seleccionado mayor, Aimar jug\u00f3 los Mundiales de Corea-Jap\u00f3n 2002 y de Alemania 2006.<\/p>\n<p>T\u00e9lam<\/p>\n","protected":false},"excerpt":{"rendered":"<p>El mediocampista del Benfica, Pablo C\u00e9sar Aimar, recibi\u00f3 el premio a la Excelencia deportiva otorgado por la embajada argentina en Portugal y un grupo empresario. En un acto que cont\u00f3 con la presencia del embajador argentino en Portugal, Jorge Faurie, Aimar, quien juega en el Benfica desde el 2008, recibi\u00f3 anoche la distinci\u00f3n en compa\u00f1\u00eda [&hellip;]<\/p>\n","protected":false},"author":1,"featured_media":0,"comment_status":"open","ping_status":"open","sticky":false,"template":"","format":"standard","meta":{"footnotes":""},"categories":[3],"tags":[5285],"class_list":["post-18090","post","type-post","status-publish","format-standard","hentry","category-deportes","tag-pablo-aimar"],"_links":{"self":[{"href":"https:\/\/legislaturahoy.com\/index.php?rest_route=\/wp\/v2\/posts\/18090","targetHints":{"allow":["GET"]}}],"collection":[{"href":"https:\/\/legislaturahoy.com\/index.php?rest_route=\/wp\/v2\/posts"}],"about":[{"href":"https:\/\/legislaturahoy.com\/index.php?rest_route=\/wp\/v2\/types\/post"}],"author":[{"embeddable":true,"href":"https:\/\/legislaturahoy.com\/index.php?rest_route=\/wp\/v2\/users\/1"}],"replies":[{"embeddable":true,"href":"https:\/\/legislaturahoy.com\/index.php?rest_route=%2Fwp%2Fv2%2Fcomments&post=18090"}],"version-history":[{"count":0,"href":"https:\/\/legislaturahoy.com\/index.php?rest_route=\/wp\/v2\/posts\/18090\/revisions"}],"wp:attachment":[{"href":"https:\/\/legislaturahoy.com\/index.php?rest_route=%2Fwp%2Fv2%2Fmedia&parent=18090"}],"wp:term":[{"taxonomy":"category","embeddable":true,"href":"https:\/\/legislaturahoy.com\/index.php?rest_route=%2Fwp%2Fv2%2Fcategories&post=18090"},{"taxonomy":"post_tag","embeddable":true,"href":"https:\/\/legislaturahoy.com\/index.php?rest_route=%2Fwp%2Fv2%2Ftags&post=18090"}],"curies":[{"name":"wp","href":"https:\/\/api.w.org\/{rel}","templated":true}]}}