{"id":23996,"date":"2012-07-03T21:39:57","date_gmt":"2012-07-03T21:39:57","guid":{"rendered":"http:\/\/www.buenosairesdiario.com\/?p=23996"},"modified":"2012-07-03T21:39:57","modified_gmt":"2012-07-03T21:39:57","slug":"venezuela-es-una-herida-grave-en-el-mercosur","status":"publish","type":"post","link":"https:\/\/legislaturahoy.com\/?p=23996","title":{"rendered":"Venezuela es una \u00abherida grave\u00bb en el Mercosur"},"content":{"rendered":"<p><a href=\"https:\/\/noticiasbaires.com\/wp-content\/uploads\/2012\/07\/danilo-astori.jpg\"><img loading=\"lazy\" decoding=\"async\" src=\"https:\/\/noticiasbaires.com\/wp-content\/uploads\/2012\/07\/danilo-astori-300x225.jpg\" alt=\"\" title=\"danilo astori\" width=\"300\" height=\"225\" class=\"alignleft size-medium wp-image-23997\" srcset=\"https:\/\/legislaturahoy.com\/wp-content\/uploads\/2012\/07\/danilo-astori-300x225.jpg 300w, https:\/\/legislaturahoy.com\/wp-content\/uploads\/2012\/07\/danilo-astori.jpg 600w\" sizes=\"auto, (max-width: 300px) 100vw, 300px\" \/><\/a>El vicepresidente uruguayo, Danilo Astori, cuestion\u00f3 el modo en que se aprob\u00f3 la incorporaci\u00f3n de Caracas. \u00abYa no queda ninguna norma importante que no sea violada\u00bb, afirm\u00f3<\/p>\n<p>Cr\u00e9dito foto: Reuters<\/p>\n<p> Astori (foto) sum\u00f3 m\u00e1s pol\u00e9mica al caso. El segundo de Jos\u00e9 Mujica no ocult\u00f3 su desagrado por la forma en que los l\u00edderes del Mercosur decretaron el ingreso de Venezuela apenas despu\u00e9s de haber suspendido a Paraguay, cuyo Congreso era la \u00fanica instancia que frenaba esa acci\u00f3n.   <\/p>\n<p>Es \u00abquiz\u00e1s la herida m\u00e1s grave en los 21 a\u00f1os del Mercosur\u00bb, opin\u00f3. Es \u00abir al coraz\u00f3n del Tratado de Asunci\u00f3n\u00bb, agreg\u00f3 en referencia al acuerdo que dio origen al bloque sudamericano, que indica que la incorporaci\u00f3n de un miembro pleno \u00abdebe ser aprobada\u00bb por todos los ya existentes.<\/p>\n<p>El gobierno uruguayo ya hab\u00eda generado pol\u00e9mica el lunes cuando su canciller, Luis Almagro, afirm\u00f3 que \u00abnada es definitivo\u00bb y \u00absi todo el mundo hubiera estado seguro, Venezuela hubiera entrado el viernes\u00bb. Esas declaraciones, realizadas en momentos en que la oposici\u00f3n al Frente Amplio criticaba con dureza la postura de Montevideo al respecto, tuvieron reacciones inmediatas de la Argentina y Brasil, acusadas por Almagro de presionar a favor de Caracas.<\/p>\n<p>Poco m\u00e1s tarde, el prosecretario de la Presidencia uruguaya, Diego C\u00e1nepa, se\u00f1al\u00f3 que su pa\u00eds termin\u00f3 aceptando la medida como parte de una \u00abnegociaci\u00f3n\u00bb con los restantes miembros del Mercosur en la que exigi\u00f3 que no se impusieran sanciones econ\u00f3micas a Paraguay.<\/p>\n<p>El vicepresidente, que aparentemente se\u00f1al\u00f3 su discrepancia con lo acordado durante el Consejo de Ministros que se celebr\u00f3 en la v\u00edspera y fue encabezado por Mujica, afirm\u00f3 que luego de esta \u00abherida\u00bb institucional al Mercosur \u00abpodr\u00eda pasar cualquier cosa\u00bb, porque \u00abya no queda ninguna norma importante que no sea violada\u00bb.<\/p>\n<p>Consider\u00f3 que esta maniobra \u00abpuede tener consecuencias importantes en el futuro, como que la institucionalidad del Mercosur ya sea tan d\u00e9bil que no sirva para nada\u00bb. \u00abOjal\u00e1 se pueda hacer algo para revertirlo. Si esa posibilidad existiera, yo creo que hay que explorarla\u00bb, afirm\u00f3.<\/p>\n<p>Fuente: EFE &#8211; Infobae<\/p>\n","protected":false},"excerpt":{"rendered":"<p>El vicepresidente uruguayo, Danilo Astori, cuestion\u00f3 el modo en que se aprob\u00f3 la incorporaci\u00f3n de Caracas. \u00abYa no queda ninguna norma importante que no sea violada\u00bb, afirm\u00f3 Cr\u00e9dito foto: Reuters Astori (foto) sum\u00f3 m\u00e1s pol\u00e9mica al caso. El segundo de Jos\u00e9 Mujica no ocult\u00f3 su desagrado por la forma en que los l\u00edderes del Mercosur [&hellip;]<\/p>\n","protected":false},"author":1,"featured_media":0,"comment_status":"open","ping_status":"open","sticky":false,"template":"","format":"standard","meta":{"footnotes":""},"categories":[7],"tags":[6261,1151,661],"class_list":["post-23996","post","type-post","status-publish","format-standard","hentry","category-mundo","tag-danilo-astori","tag-mercosur","tag-venezuela"],"_links":{"self":[{"href":"https:\/\/legislaturahoy.com\/index.php?rest_route=\/wp\/v2\/posts\/23996","targetHints":{"allow":["GET"]}}],"collection":[{"href":"https:\/\/legislaturahoy.com\/index.php?rest_route=\/wp\/v2\/posts"}],"about":[{"href":"https:\/\/legislaturahoy.com\/index.php?rest_route=\/wp\/v2\/types\/post"}],"author":[{"embeddable":true,"href":"https:\/\/legislaturahoy.com\/index.php?rest_route=\/wp\/v2\/users\/1"}],"replies":[{"embeddable":true,"href":"https:\/\/legislaturahoy.com\/index.php?rest_route=%2Fwp%2Fv2%2Fcomments&post=23996"}],"version-history":[{"count":0,"href":"https:\/\/legislaturahoy.com\/index.php?rest_route=\/wp\/v2\/posts\/23996\/revisions"}],"wp:attachment":[{"href":"https:\/\/legislaturahoy.com\/index.php?rest_route=%2Fwp%2Fv2%2Fmedia&parent=23996"}],"wp:term":[{"taxonomy":"category","embeddable":true,"href":"https:\/\/legislaturahoy.com\/index.php?rest_route=%2Fwp%2Fv2%2Fcategories&post=23996"},{"taxonomy":"post_tag","embeddable":true,"href":"https:\/\/legislaturahoy.com\/index.php?rest_route=%2Fwp%2Fv2%2Ftags&post=23996"}],"curies":[{"name":"wp","href":"https:\/\/api.w.org\/{rel}","templated":true}]}}