{"id":24004,"date":"2012-07-03T21:46:59","date_gmt":"2012-07-03T21:46:59","guid":{"rendered":"http:\/\/www.buenosairesdiario.com\/?p=24004"},"modified":"2012-07-03T21:46:59","modified_gmt":"2012-07-03T21:46:59","slug":"marley-nego-que-haya-arreglo-con-un-participante","status":"publish","type":"post","link":"https:\/\/legislaturahoy.com\/?p=24004","title":{"rendered":"Marley neg\u00f3 que haya arreglo con un participante"},"content":{"rendered":"<p><a href=\"https:\/\/noticiasbaires.com\/wp-content\/uploads\/2012\/07\/marley-arreglo.jpg\"><img loading=\"lazy\" decoding=\"async\" src=\"https:\/\/noticiasbaires.com\/wp-content\/uploads\/2012\/07\/marley-arreglo.jpg\" alt=\"\" title=\"marley arreglo\" width=\"300\" height=\"220\" class=\"alignleft size-full wp-image-24005\" \/><\/a>El rubio conductor dio una nota con \u201cIntrusos\u201d acerca de las sospechas que se generaron sobre la participaci\u00f3n de Dennis Smith en \u201cLa Voz Argentina\u201d. El concursante ya es compositor y trabaja para Universal. \u201cNo hay arreglo\u201d, sostuvo Marley.<\/p>\n<p> El domingo comenz\u00f3 el ciclo \u201cLa voz argentina\u201d, que se emite por Telefe, y un d\u00eda despu\u00e9s su estreno ya gener\u00f3 pol\u00e9mica.<\/p>\n<p>El periodista Jorge Rial, a trav\u00e9s de su cuenta de Twitter, coment\u00f3 que un participante ya trabaja para la compa\u00f1\u00eda discogr\u00e1fica encargada de premiar al ganador del env\u00edo y que adem\u00e1s compuso canciones para Soledad Pastorutti, integrante del equipo de coach que formar\u00e1n a los chicos.<\/p>\n<p>Dennis Smith tuvo una excelente performance con una versi\u00f3n de \u201cWhat a Wonderful World\u201d. Lo cierto es que fue seleccionado por los coach y el muchacho eligi\u00f3 formar parte del equipo del \u201cPuma\u201d Rodr\u00edguez.<\/p>\n<p>Sin embargo, es extra\u00f1o que alguien que ya trabaja en Universal forme parte del programa y m\u00e1s a\u00fan que tiene v\u00ednculos con una de las partes, como es el caso de La Sole, para quien le compuso canciones.<\/p>\n<p>Sobre esto, Marley dio una nota con Nazarena N\u00f3bile en \u201cIntrusos\u201d y neg\u00f3 estos hechos. \u201cLas reglas del programa dicen que vos pod\u00e9s haber sacado un disco anteriormente. En La Voz, eso se puede. \u00c9l no tiene un contrato firmado con Universal sino con Universal Publishment. No es lo mismo. No tiene m\u00e1s contratos con ellos. Vos compon\u00e9s los temas y ellos se lo dan a artistas para que los puedan cantar\u201d, afirm\u00f3.<\/p>\n<p>\u201cNo hubo acomodo sino hubiera elegido a la Sole, son fantasmas que se arman pero nada que ver. Se van a encontrar con una chica que trabajaba con los coros de Susana tambi\u00e9n\u201d, manifest\u00f3 el conductor.<\/p>\n<p>Primicias Ya<\/p>\n","protected":false},"excerpt":{"rendered":"<p>El rubio conductor dio una nota con \u201cIntrusos\u201d acerca de las sospechas que se generaron sobre la participaci\u00f3n de Dennis Smith en \u201cLa Voz Argentina\u201d. El concursante ya es compositor y trabaja para Universal. \u201cNo hay arreglo\u201d, sostuvo Marley. El domingo comenz\u00f3 el ciclo \u201cLa voz argentina\u201d, que se emite por Telefe, y un d\u00eda [&hellip;]<\/p>\n","protected":false},"author":1,"featured_media":0,"comment_status":"open","ping_status":"open","sticky":false,"template":"","format":"standard","meta":{"footnotes":""},"categories":[8],"tags":[3576],"class_list":["post-24004","post","type-post","status-publish","format-standard","hentry","category-espectaculos","tag-marley"],"_links":{"self":[{"href":"https:\/\/legislaturahoy.com\/index.php?rest_route=\/wp\/v2\/posts\/24004","targetHints":{"allow":["GET"]}}],"collection":[{"href":"https:\/\/legislaturahoy.com\/index.php?rest_route=\/wp\/v2\/posts"}],"about":[{"href":"https:\/\/legislaturahoy.com\/index.php?rest_route=\/wp\/v2\/types\/post"}],"author":[{"embeddable":true,"href":"https:\/\/legislaturahoy.com\/index.php?rest_route=\/wp\/v2\/users\/1"}],"replies":[{"embeddable":true,"href":"https:\/\/legislaturahoy.com\/index.php?rest_route=%2Fwp%2Fv2%2Fcomments&post=24004"}],"version-history":[{"count":0,"href":"https:\/\/legislaturahoy.com\/index.php?rest_route=\/wp\/v2\/posts\/24004\/revisions"}],"wp:attachment":[{"href":"https:\/\/legislaturahoy.com\/index.php?rest_route=%2Fwp%2Fv2%2Fmedia&parent=24004"}],"wp:term":[{"taxonomy":"category","embeddable":true,"href":"https:\/\/legislaturahoy.com\/index.php?rest_route=%2Fwp%2Fv2%2Fcategories&post=24004"},{"taxonomy":"post_tag","embeddable":true,"href":"https:\/\/legislaturahoy.com\/index.php?rest_route=%2Fwp%2Fv2%2Ftags&post=24004"}],"curies":[{"name":"wp","href":"https:\/\/api.w.org\/{rel}","templated":true}]}}