{"id":24113,"date":"2012-07-06T09:29:00","date_gmt":"2012-07-06T09:29:00","guid":{"rendered":"http:\/\/www.buenosairesdiario.com\/?p=24113"},"modified":"2012-07-06T19:29:53","modified_gmt":"2012-07-06T19:29:53","slug":"garcia-marquez-sufre-demencia-senil","status":"publish","type":"post","link":"https:\/\/legislaturahoy.com\/?p=24113","title":{"rendered":"Garc\u00eda M\u00e1rquez sufre demencia senil"},"content":{"rendered":"<p><a href=\"https:\/\/noticiasbaires.com\/wp-content\/uploads\/2012\/07\/garcia-marquez-afe.jpg\"><img loading=\"lazy\" decoding=\"async\" src=\"https:\/\/noticiasbaires.com\/wp-content\/uploads\/2012\/07\/garcia-marquez-afe-300x225.jpg\" alt=\"\" title=\"garcia marquez afe\" width=\"300\" height=\"225\" class=\"alignleft size-medium wp-image-24114\" srcset=\"https:\/\/legislaturahoy.com\/wp-content\/uploads\/2012\/07\/garcia-marquez-afe-300x225.jpg 300w, https:\/\/legislaturahoy.com\/wp-content\/uploads\/2012\/07\/garcia-marquez-afe.jpg 600w\" sizes=\"auto, (max-width: 300px) 100vw, 300px\" \/><\/a>El hermano del nobel colombiano lo confirm\u00f3. \u00abLa quimioterapia le salv\u00f3 la vida, pero tambi\u00e9n acab\u00f3 con muchas neuronas\u00bb, confes\u00f3. \u00abPero todav\u00eda conserva su humor y alegr\u00eda\u00bb, afirm\u00f3<\/p>\n<p>Cr\u00e9dito foto: EFE<\/p>\n<p>En un encuentro con los expedicionarios de la Ruta Quetzal BBVA en el Museo de la Inquisici\u00f3n, Jaime Garc\u00eda M\u00e1rquez se\u00f1al\u00f3 que \u00abdesde el punto de vista f\u00edsico est\u00e1 bien, aunque ya tiene algunos conflictos de memoria\u00bb, que se agravaron por el c\u00e1ncer linf\u00e1tico que super\u00f3 en 1999.<\/p>\n<p> \u00abEn la familia todos sufrimos de demencia senil y Gabriel ya tiene los estragos, que se le adelantaron debido a la enfermedad que lo puso en una situaci\u00f3n casi de muerte\u00bb, asegur\u00f3. \u00abLa quimioterapia le salv\u00f3 la vida, pero tambi\u00e9n acab\u00f3 con muchas neuronas, muchas defensas y c\u00e9lulas y se le aceler\u00f3 el proceso\u00bb, agreg\u00f3.<\/p>\n<p>No obstante, el escritor colombiano \u00abtodav\u00eda conserva el humor, la alegr\u00eda y el entusiasmo que siempre tuvo\u00bb. \u00abCuando hablamos con \u00e9l, tenemos mucha preocupaci\u00f3n por su salud, pero terminamos profundamente contentos porque lo tenemos vivo\u00bb, afirm\u00f3 Jaime.<\/p>\n<p>El hermano de Gabriel Garc\u00eda M\u00e1rquez se quej\u00f3, tambi\u00e9n, por el inter\u00e9s que despierta la salud del literato. \u00abEl hecho real es que hay muchos comentarios, que algunos son ciertos, pero que siempre est\u00e1n llenos de morbo. A veces da la sensaci\u00f3n de que quisieran que se muriera, como si su muerte fuera una gran noticia\u00bb, coment\u00f3.<\/p>\n<p>Fuente: EFE &#8211; Infobae<\/p>\n","protected":false},"excerpt":{"rendered":"<p>El hermano del nobel colombiano lo confirm\u00f3. \u00abLa quimioterapia le salv\u00f3 la vida, pero tambi\u00e9n acab\u00f3 con muchas neuronas\u00bb, confes\u00f3. \u00abPero todav\u00eda conserva su humor y alegr\u00eda\u00bb, afirm\u00f3 Cr\u00e9dito foto: EFE En un encuentro con los expedicionarios de la Ruta Quetzal BBVA en el Museo de la Inquisici\u00f3n, Jaime Garc\u00eda M\u00e1rquez se\u00f1al\u00f3 que \u00abdesde el [&hellip;]<\/p>\n","protected":false},"author":1,"featured_media":0,"comment_status":"open","ping_status":"open","sticky":false,"template":"","format":"standard","meta":{"footnotes":""},"categories":[7],"tags":[6275],"class_list":["post-24113","post","type-post","status-publish","format-standard","hentry","category-mundo","tag-gabriel-garcia-marquez"],"_links":{"self":[{"href":"https:\/\/legislaturahoy.com\/index.php?rest_route=\/wp\/v2\/posts\/24113","targetHints":{"allow":["GET"]}}],"collection":[{"href":"https:\/\/legislaturahoy.com\/index.php?rest_route=\/wp\/v2\/posts"}],"about":[{"href":"https:\/\/legislaturahoy.com\/index.php?rest_route=\/wp\/v2\/types\/post"}],"author":[{"embeddable":true,"href":"https:\/\/legislaturahoy.com\/index.php?rest_route=\/wp\/v2\/users\/1"}],"replies":[{"embeddable":true,"href":"https:\/\/legislaturahoy.com\/index.php?rest_route=%2Fwp%2Fv2%2Fcomments&post=24113"}],"version-history":[{"count":0,"href":"https:\/\/legislaturahoy.com\/index.php?rest_route=\/wp\/v2\/posts\/24113\/revisions"}],"wp:attachment":[{"href":"https:\/\/legislaturahoy.com\/index.php?rest_route=%2Fwp%2Fv2%2Fmedia&parent=24113"}],"wp:term":[{"taxonomy":"category","embeddable":true,"href":"https:\/\/legislaturahoy.com\/index.php?rest_route=%2Fwp%2Fv2%2Fcategories&post=24113"},{"taxonomy":"post_tag","embeddable":true,"href":"https:\/\/legislaturahoy.com\/index.php?rest_route=%2Fwp%2Fv2%2Ftags&post=24113"}],"curies":[{"name":"wp","href":"https:\/\/api.w.org\/{rel}","templated":true}]}}