{"id":24126,"date":"2012-07-10T06:08:44","date_gmt":"2012-07-10T06:08:44","guid":{"rendered":"http:\/\/www.buenosairesdiario.com\/?p=24126"},"modified":"2012-07-10T15:09:41","modified_gmt":"2012-07-10T15:09:41","slug":"morandini-se-quejo-por-la-traba-a-los-proyectos","status":"publish","type":"post","link":"https:\/\/legislaturahoy.com\/?p=24126","title":{"rendered":"Morandini se quej\u00f3 por la traba a los proyectos"},"content":{"rendered":"<p><a href=\"https:\/\/noticiasbaires.com\/wp-content\/uploads\/2012\/07\/morandini-norma.jpg\"><img loading=\"lazy\" decoding=\"async\" src=\"https:\/\/noticiasbaires.com\/wp-content\/uploads\/2012\/07\/morandini-norma.jpg\" alt=\"\" title=\"morandini norma\" width=\"148\" height=\"100\" class=\"alignleft size-full wp-image-24127\" \/><\/a>La senadora del FAP acus\u00f3 al oficialismo de poner obst\u00e1culos a las iniciativas que establecen pedidos de informes al PEN y otros en cuesti\u00f3n de acceso a la informaci\u00f3n.<\/p>\n<p>La Comisi\u00f3n de Poblaci\u00f3n y Desarrollo Humano de la C\u00e1mara alta no tuvo el qu\u00f3rum necesario para debatir sobre los temas agendados, pero eso no fue impedimento para que la senadora Norma Morandini (FAP) manifestara su descontento por la situaci\u00f3n. \u201cNo podemos trabajar porque hay una orden del oficialismo de no pasar los proyectos\u201d, dijo sin rodeos.<\/p>\n<p>Una queja reiterativa por parte de los legisladores de la oposici\u00f3n, la legisladora cordobesa explic\u00f3 que se tratan de pedidos de informes al Ejecutivo y de proyectos de ley en cuestiones de accesibilidad a la informaci\u00f3n.<\/p>\n<p>Al cruce le sali\u00f3 la kirchnerista Mar\u00eda Ester Labado quien desminti\u00f3 tal conducta pero asegur\u00f3: \u201cEn mi caso no voy a firmar ning\u00fan pedido de informes. Pero eso no quiere decir que otros senadores hagan lo mismo\u201d. Adem\u00e1s sugiri\u00f3 citar a los funcionarios correspondientes para poder trabar los pedidos de comunicaci\u00f3n.<\/p>\n<p>Sin embargo, Morandini continu\u00f3 insistiendo: \u201cEstamos obligados a cumplir nuestra funci\u00f3n y el pedido de informes es parte del trabajo legislativo\u201d.<\/p>\n<p>Fuente: Parlamentario.com<\/p>\n","protected":false},"excerpt":{"rendered":"<p>La senadora del FAP acus\u00f3 al oficialismo de poner obst\u00e1culos a las iniciativas que establecen pedidos de informes al PEN y otros en cuesti\u00f3n de acceso a la informaci\u00f3n. La Comisi\u00f3n de Poblaci\u00f3n y Desarrollo Humano de la C\u00e1mara alta no tuvo el qu\u00f3rum necesario para debatir sobre los temas agendados, pero eso no fue [&hellip;]<\/p>\n","protected":false},"author":1,"featured_media":0,"comment_status":"open","ping_status":"open","sticky":false,"template":"","format":"standard","meta":{"footnotes":""},"categories":[4],"tags":[6279],"class_list":["post-24126","post","type-post","status-publish","format-standard","hentry","category-politicia","tag-norma-morandini"],"_links":{"self":[{"href":"https:\/\/legislaturahoy.com\/index.php?rest_route=\/wp\/v2\/posts\/24126","targetHints":{"allow":["GET"]}}],"collection":[{"href":"https:\/\/legislaturahoy.com\/index.php?rest_route=\/wp\/v2\/posts"}],"about":[{"href":"https:\/\/legislaturahoy.com\/index.php?rest_route=\/wp\/v2\/types\/post"}],"author":[{"embeddable":true,"href":"https:\/\/legislaturahoy.com\/index.php?rest_route=\/wp\/v2\/users\/1"}],"replies":[{"embeddable":true,"href":"https:\/\/legislaturahoy.com\/index.php?rest_route=%2Fwp%2Fv2%2Fcomments&post=24126"}],"version-history":[{"count":0,"href":"https:\/\/legislaturahoy.com\/index.php?rest_route=\/wp\/v2\/posts\/24126\/revisions"}],"wp:attachment":[{"href":"https:\/\/legislaturahoy.com\/index.php?rest_route=%2Fwp%2Fv2%2Fmedia&parent=24126"}],"wp:term":[{"taxonomy":"category","embeddable":true,"href":"https:\/\/legislaturahoy.com\/index.php?rest_route=%2Fwp%2Fv2%2Fcategories&post=24126"},{"taxonomy":"post_tag","embeddable":true,"href":"https:\/\/legislaturahoy.com\/index.php?rest_route=%2Fwp%2Fv2%2Ftags&post=24126"}],"curies":[{"name":"wp","href":"https:\/\/api.w.org\/{rel}","templated":true}]}}