{"id":24129,"date":"2012-07-10T07:10:32","date_gmt":"2012-07-10T07:10:32","guid":{"rendered":"http:\/\/www.buenosairesdiario.com\/?p=24129"},"modified":"2012-07-10T15:12:55","modified_gmt":"2012-07-10T15:12:55","slug":"cuba-modificara-la-ley-sobre-inversiones-extranjeras","status":"publish","type":"post","link":"https:\/\/legislaturahoy.com\/?p=24129","title":{"rendered":"Cuba modificar\u00e1 la ley sobre inversiones extranjeras"},"content":{"rendered":"<p><a href=\"https:\/\/noticiasbaires.com\/wp-content\/uploads\/2011\/08\/cubanos.jpg\"><img loading=\"lazy\" decoding=\"async\" src=\"https:\/\/noticiasbaires.com\/wp-content\/uploads\/2011\/08\/cubanos.jpg\" alt=\"\" title=\"cubanos\" width=\"300\" height=\"200\" class=\"alignleft size-full wp-image-14711\" \/><\/a>Yamila Fern\u00e1ndez, directora de Finanzas del ministerio de Comercio Exterior e Inversi\u00f3n Extranjera, dijo que \u00abexiste un empe\u00f1o importante\u00bb en la elaboraci\u00f3n y actualizaci\u00f3n de \u00abla cartera de proyectos\u00bb y negocios con capital extranjero. Se tratar\u00e1 este a\u00f1o.<\/p>\n<p>Por: INFOnews<\/p>\n<p> El gobierno de Cuba \u00abtrabaja en la modificaci\u00f3n\u00bb de la ley sobre capital extranjero y estima que una nueva legislaci\u00f3n estar\u00e1 vigente antes de diciembre, anunci\u00f3 hoy la directora de Finanzas del ministerio de Comercio Exterior e Inversi\u00f3n Extranjera, Yamila Fern\u00e1ndez.<\/p>\n<p>La funcionaria dijo en un foro internacional sobre contabilidad que sesion\u00f3 en La Habana que \u00abexiste un empe\u00f1o importante\u00bb en la elaboraci\u00f3n y actualizaci\u00f3n de \u00abla cartera de proyectos\u00bb y negocios con capital extranjero, divulg\u00f3 hoy la emisora nacional Radio Rebelde.<\/p>\n<p>Fern\u00e1ndez agreg\u00f3 que los cambios a la ley actual \u00abdeben favorecer el acceso a las tecnolog\u00edas, aportar financiamiento y acceso a los mercados, al tiempo que generar empleos\u00bb.<\/p>\n<p>La legislaci\u00f3n actual permite asociaciones mixtas con un 51% de acciones estatales cubanas con empresas extranjeras privadas. Los an\u00e1lisis del gobierno para admitir el capital for\u00e1neo son particularmente rigurosos.<\/p>\n<p>El presidente del gobierno, Ra\u00fal Castro, aplica cambios econ\u00f3micos desde 2008 con el objetivo principal de hacer m\u00e1s \u00e1gil y efectiva de la econom\u00eda local, y entre estos est\u00e1 la extensi\u00f3n del sector privado en 181 oficios diversos y en la agricultura.<\/p>\n<p>Fuente: InfoNews<\/p>\n","protected":false},"excerpt":{"rendered":"<p>Yamila Fern\u00e1ndez, directora de Finanzas del ministerio de Comercio Exterior e Inversi\u00f3n Extranjera, dijo que \u00abexiste un empe\u00f1o importante\u00bb en la elaboraci\u00f3n y actualizaci\u00f3n de \u00abla cartera de proyectos\u00bb y negocios con capital extranjero. Se tratar\u00e1 este a\u00f1o. Por: INFOnews El gobierno de Cuba \u00abtrabaja en la modificaci\u00f3n\u00bb de la ley sobre capital extranjero y [&hellip;]<\/p>\n","protected":false},"author":1,"featured_media":0,"comment_status":"open","ping_status":"open","sticky":false,"template":"","format":"standard","meta":{"footnotes":""},"categories":[9,7],"tags":[175,6280],"class_list":["post-24129","post","type-post","status-publish","format-standard","hentry","category-economia","category-mundo","tag-cuba","tag-inversiones-extranjeras"],"_links":{"self":[{"href":"https:\/\/legislaturahoy.com\/index.php?rest_route=\/wp\/v2\/posts\/24129","targetHints":{"allow":["GET"]}}],"collection":[{"href":"https:\/\/legislaturahoy.com\/index.php?rest_route=\/wp\/v2\/posts"}],"about":[{"href":"https:\/\/legislaturahoy.com\/index.php?rest_route=\/wp\/v2\/types\/post"}],"author":[{"embeddable":true,"href":"https:\/\/legislaturahoy.com\/index.php?rest_route=\/wp\/v2\/users\/1"}],"replies":[{"embeddable":true,"href":"https:\/\/legislaturahoy.com\/index.php?rest_route=%2Fwp%2Fv2%2Fcomments&post=24129"}],"version-history":[{"count":0,"href":"https:\/\/legislaturahoy.com\/index.php?rest_route=\/wp\/v2\/posts\/24129\/revisions"}],"wp:attachment":[{"href":"https:\/\/legislaturahoy.com\/index.php?rest_route=%2Fwp%2Fv2%2Fmedia&parent=24129"}],"wp:term":[{"taxonomy":"category","embeddable":true,"href":"https:\/\/legislaturahoy.com\/index.php?rest_route=%2Fwp%2Fv2%2Fcategories&post=24129"},{"taxonomy":"post_tag","embeddable":true,"href":"https:\/\/legislaturahoy.com\/index.php?rest_route=%2Fwp%2Fv2%2Ftags&post=24129"}],"curies":[{"name":"wp","href":"https:\/\/api.w.org\/{rel}","templated":true}]}}