{"id":24223,"date":"2012-07-16T18:35:28","date_gmt":"2012-07-16T18:35:28","guid":{"rendered":"http:\/\/www.buenosairesdiario.com\/?p=24223"},"modified":"2012-07-16T18:35:28","modified_gmt":"2012-07-16T18:35:28","slug":"aplausos-en-el-ultimo-adios-a-jorge-luz","status":"publish","type":"post","link":"https:\/\/legislaturahoy.com\/?p=24223","title":{"rendered":"Aplausos en el \u00faltimo adi\u00f3s a Jorge Luz"},"content":{"rendered":"<p><a href=\"https:\/\/noticiasbaires.com\/wp-content\/uploads\/2012\/07\/jorge-luz.jpg\"><img loading=\"lazy\" decoding=\"async\" src=\"https:\/\/noticiasbaires.com\/wp-content\/uploads\/2012\/07\/jorge-luz-300x225.jpg\" alt=\"\" title=\"jorge luz\" width=\"300\" height=\"225\" class=\"alignleft size-medium wp-image-24224\" srcset=\"https:\/\/legislaturahoy.com\/wp-content\/uploads\/2012\/07\/jorge-luz-300x225.jpg 300w, https:\/\/legislaturahoy.com\/wp-content\/uploads\/2012\/07\/jorge-luz.jpg 600w\" sizes=\"auto, (max-width: 300px) 100vw, 300px\" \/><\/a>Los restos del artista fueron inhumados en el Cementerio de la Chacarita<\/p>\n<p>El cortejo f\u00fanebre con los restos del artista Jorge Luz, fallecido en la noche del s\u00e1bado a los 90 a\u00f1os, arrib\u00f3 al Cementerio de la Chacarita.<\/p>\n<p>Partieron pasadas las 11 de la casa velatoria. Zucotti Hermanos -Av. Cordoba al 5800- All\u00ed estaban Georgina Barbarosa, una de las \u00faltimas personas que lo vio antes de fallecer, Lisandro Carret (hijo de El Pato Carret) y Quique Estevanez.<\/p>\n<p>Tras un responso, los restos del notable comediante que brill\u00f3 en teatro, cine, radio y televisi\u00f3n, fueron inhumados en el Pante\u00f3n de Actores luego de la ceremonia en la capilla a cargo del Padre Libardo.<\/p>\n<p>\u00abSu deseo era ser cremado, pero como no hay no hay ning\u00fan papel legal que lo certifique o un familiar directo, lo mejor ser\u00e1 que su cuerpo descanse en nuestro lugar (por el pateon), hasta que se llegue a un acuerdo\u00bb, expres\u00f3 un miembro de Actores.<\/p>\n<p>Para despedirlo, se hicieron presentes en el lugar m\u00e1s de un centenar de admiradores de Luz, entre ellos personalidades del espect\u00e1culo como Mercedes Mor\u00e1n, Luis Brandoni, Marta Gonz\u00e1lez, Pablo Alarc\u00f3n y Carlos Rotemberg.<\/p>\n<p>Tambi\u00e9n estuvieron: Jos\u00e9 Mart\u00ednez Su\u00e1rez (Hermano de Mirtha Legrand), Mercedes Carreras y sus hijas, Jorge Lafauci, que lo record\u00f3 como \u201cla versi\u00f3n masculina de Nin\u00ed Marshall\u201d, Elena Lucena, Mona Moncalvillo, Cecilia Rosetto y Duilio Marzio.<\/p>\n<p>Luz, fue despedido con fuertes aplausos, como una gran figura del ambiente art\u00edstico.<\/p>\n<p>Informe: Pablo Montagna<br \/>\nFuente: Teleshow<\/p>\n","protected":false},"excerpt":{"rendered":"<p>Los restos del artista fueron inhumados en el Cementerio de la Chacarita El cortejo f\u00fanebre con los restos del artista Jorge Luz, fallecido en la noche del s\u00e1bado a los 90 a\u00f1os, arrib\u00f3 al Cementerio de la Chacarita. Partieron pasadas las 11 de la casa velatoria. Zucotti Hermanos -Av. Cordoba al 5800- All\u00ed estaban Georgina [&hellip;]<\/p>\n","protected":false},"author":1,"featured_media":0,"comment_status":"open","ping_status":"open","sticky":false,"template":"","format":"standard","meta":{"footnotes":""},"categories":[8],"tags":[6293],"class_list":["post-24223","post","type-post","status-publish","format-standard","hentry","category-espectaculos","tag-jorge-luz"],"_links":{"self":[{"href":"https:\/\/legislaturahoy.com\/index.php?rest_route=\/wp\/v2\/posts\/24223","targetHints":{"allow":["GET"]}}],"collection":[{"href":"https:\/\/legislaturahoy.com\/index.php?rest_route=\/wp\/v2\/posts"}],"about":[{"href":"https:\/\/legislaturahoy.com\/index.php?rest_route=\/wp\/v2\/types\/post"}],"author":[{"embeddable":true,"href":"https:\/\/legislaturahoy.com\/index.php?rest_route=\/wp\/v2\/users\/1"}],"replies":[{"embeddable":true,"href":"https:\/\/legislaturahoy.com\/index.php?rest_route=%2Fwp%2Fv2%2Fcomments&post=24223"}],"version-history":[{"count":0,"href":"https:\/\/legislaturahoy.com\/index.php?rest_route=\/wp\/v2\/posts\/24223\/revisions"}],"wp:attachment":[{"href":"https:\/\/legislaturahoy.com\/index.php?rest_route=%2Fwp%2Fv2%2Fmedia&parent=24223"}],"wp:term":[{"taxonomy":"category","embeddable":true,"href":"https:\/\/legislaturahoy.com\/index.php?rest_route=%2Fwp%2Fv2%2Fcategories&post=24223"},{"taxonomy":"post_tag","embeddable":true,"href":"https:\/\/legislaturahoy.com\/index.php?rest_route=%2Fwp%2Fv2%2Ftags&post=24223"}],"curies":[{"name":"wp","href":"https:\/\/api.w.org\/{rel}","templated":true}]}}