{"id":24262,"date":"2012-07-18T08:08:57","date_gmt":"2012-07-18T08:08:57","guid":{"rendered":"http:\/\/www.buenosairesdiario.com\/?p=24262"},"modified":"2012-07-19T00:09:55","modified_gmt":"2012-07-19T00:09:55","slug":"recuerdo-desde-la-legislatura","status":"publish","type":"post","link":"https:\/\/legislaturahoy.com\/?p=24262","title":{"rendered":"Recuerdo desde la Legislatura"},"content":{"rendered":"<p><a href=\"https:\/\/noticiasbaires.com\/wp-content\/uploads\/2012\/07\/Amialegislatura.jpg\"><img loading=\"lazy\" decoding=\"async\" src=\"https:\/\/noticiasbaires.com\/wp-content\/uploads\/2012\/07\/Amialegislatura.jpg\" alt=\"\" title=\"Amialegislatura\" width=\"275\" height=\"230\" class=\"alignleft size-full wp-image-24263\" \/><\/a>A 18 a\u00f1os del atentado a la AMIA, un homenaje se llev\u00f3 a cabo este mi\u00e9rcoles en el Parlamento porte\u00f1o, junto a familiares y amigos de las v\u00edctimas.<br \/>\n Luego del acto oficial que se realiz\u00f3 en la sede de la Asociaci\u00f3n Mutual Israelita Argentina (AMIA) en Pasteur 633, del barrio porte\u00f1o de Once, la Legislatura tambi\u00e9n record\u00f3 un nuevo aniversario del ataque al centro de la comunidad jud\u00eda.<\/p>\n<p>Del acto en el Palacio legislativo participaron, entre otros, el secretario de Derechos Humanos, Martin Fresnadas; la titular de Abuelas de Plaza de Mayo, Estela de Carlotto; la legisladora Gabriela Alegre (FpV); y Sergio Burstein, familiar de una de las v\u00edctimas del atentado.<\/p>\n<p>Aquel tr\u00e1gico 18 de julio de 1994 un coche bomba  se deton\u00f3 frente a la sede de la AMIA en el barrio de Once. All\u00ed murieron 85 personas y m\u00e1s de 300 resultaron heridas.<\/p>\n<p>Ciudad1<\/p>\n","protected":false},"excerpt":{"rendered":"<p>A 18 a\u00f1os del atentado a la AMIA, un homenaje se llev\u00f3 a cabo este mi\u00e9rcoles en el Parlamento porte\u00f1o, junto a familiares y amigos de las v\u00edctimas. Luego del acto oficial que se realiz\u00f3 en la sede de la Asociaci\u00f3n Mutual Israelita Argentina (AMIA) en Pasteur 633, del barrio porte\u00f1o de Once, la Legislatura [&hellip;]<\/p>\n","protected":false},"author":1,"featured_media":0,"comment_status":"open","ping_status":"open","sticky":false,"template":"","format":"standard","meta":{"footnotes":""},"categories":[4],"tags":[4035,2331],"class_list":["post-24262","post","type-post","status-publish","format-standard","hentry","category-politicia","tag-amia","tag-legislatura-portena"],"_links":{"self":[{"href":"https:\/\/legislaturahoy.com\/index.php?rest_route=\/wp\/v2\/posts\/24262","targetHints":{"allow":["GET"]}}],"collection":[{"href":"https:\/\/legislaturahoy.com\/index.php?rest_route=\/wp\/v2\/posts"}],"about":[{"href":"https:\/\/legislaturahoy.com\/index.php?rest_route=\/wp\/v2\/types\/post"}],"author":[{"embeddable":true,"href":"https:\/\/legislaturahoy.com\/index.php?rest_route=\/wp\/v2\/users\/1"}],"replies":[{"embeddable":true,"href":"https:\/\/legislaturahoy.com\/index.php?rest_route=%2Fwp%2Fv2%2Fcomments&post=24262"}],"version-history":[{"count":0,"href":"https:\/\/legislaturahoy.com\/index.php?rest_route=\/wp\/v2\/posts\/24262\/revisions"}],"wp:attachment":[{"href":"https:\/\/legislaturahoy.com\/index.php?rest_route=%2Fwp%2Fv2%2Fmedia&parent=24262"}],"wp:term":[{"taxonomy":"category","embeddable":true,"href":"https:\/\/legislaturahoy.com\/index.php?rest_route=%2Fwp%2Fv2%2Fcategories&post=24262"},{"taxonomy":"post_tag","embeddable":true,"href":"https:\/\/legislaturahoy.com\/index.php?rest_route=%2Fwp%2Fv2%2Ftags&post=24262"}],"curies":[{"name":"wp","href":"https:\/\/api.w.org\/{rel}","templated":true}]}}