{"id":24269,"date":"2012-07-19T07:38:05","date_gmt":"2012-07-19T07:38:05","guid":{"rendered":"http:\/\/www.buenosairesdiario.com\/?p=24269"},"modified":"2012-07-19T14:38:55","modified_gmt":"2012-07-19T14:38:55","slug":"el-gobierno-advirtio-que-multara-a-las-empresas-de-micros-por-incumplimiento-del-servicio","status":"publish","type":"post","link":"https:\/\/legislaturahoy.com\/?p=24269","title":{"rendered":"El Gobierno advirti\u00f3 que multar\u00e1 a las empresas de micros por \u00abincumplimiento del servicio\u00bb"},"content":{"rendered":"<p><a href=\"https:\/\/noticiasbaires.com\/wp-content\/uploads\/2010\/12\/Retiro1.jpg\"><img loading=\"lazy\" decoding=\"async\" src=\"https:\/\/noticiasbaires.com\/wp-content\/uploads\/2010\/12\/Retiro1-300x197.jpg\" alt=\"\" title=\"Retiro\" width=\"300\" height=\"197\" class=\"alignleft size-medium wp-image-2735\" srcset=\"https:\/\/legislaturahoy.com\/wp-content\/uploads\/2010\/12\/Retiro1-300x197.jpg 300w, https:\/\/legislaturahoy.com\/wp-content\/uploads\/2010\/12\/Retiro1.jpg 380w\" sizes=\"auto, (max-width: 300px) 100vw, 300px\" \/><\/a>El funcionario de la CNRT Alejandro Rusconi confirm\u00f3 que se aplicar\u00e1 sanciones por cada viaje no realizado por la huelga. Explic\u00f3 que \u00ablas empresas est\u00e1n obligadas a prestar servicio\u00bb. \u00abVa a haber empresas sancionadas por cerrar las boleter\u00edas, los ba\u00f1os y cortar la calefacci\u00f3n\u00bb agreg\u00f3.<\/p>\n<p>El gobierno nacional decidi\u00f3 aplicar multas a las empresas de colectivos de larga distancia que no prestaron servicio, tras la declaraci\u00f3n del paro por tiempo indeterminado de la Uni\u00f3n Tranviarios Automotor (UTA), que rige desde la medianoche y continuaba esta ma\u00f1ana, seg\u00fan publica el diario La Naci\u00f3n.<\/p>\n<p>As\u00ed lo confirm\u00f3 el funcionario de la Comisi\u00f3n Nacional de Regulaci\u00f3n del Transporte (CNRT), Alejandro Rusconi, quien en Radio 10 advirti\u00f3 que las empresas de \u00f3mnibus \u00abest\u00e1n obligadas a prestar servicio\u00bb, por lo que en las \u00faltimas horas se realizaron inspecciones para determinar las faltas en las que se incurrieron tras la activaci\u00f3n de la medida de fuerza.<\/p>\n<p>Esta ma\u00f1ana las plataformas de la terminal se encontraban totalmente vac\u00edas, no hab\u00eda unidades para partir y las que ayer salieron desde el interior con destino a Buenos Aires culminaban su recorrido en la Avenida Ant\u00e1rtida Argentina, donde bajaban los pasajeros con sus correspondientes equipajes.<\/p>\n<p>En el interior de Retiro, en tanto, cientos de personas pasaron la noche, ante la incertidumbre y la esperanza que la medida de los choferes sea levantada. Lejos de obtener una respuesta, los pasajeros denunciaron, entre otras cosas, que a la noche cerraron los ba\u00f1os de la terminal y apagaron la calefacci\u00f3n.<\/p>\n<p>Mois\u00e9s Flores, quien se encontraba en la terminal junto a su esposa Mar\u00eda Graciela Gonz\u00e1lez, cont\u00f3 a la agencia T\u00e9lam que vinieron a Buenos Aires porque tienen \u00abuna hija de 7 a\u00f1os con muerte cerebral, que est\u00e1 internada en el Hospital Garrahan\u00bb.<\/p>\n<p>\u00abAhora regresamos a Coronel Pringles, porque tenemos otros siete hijos aguard\u00e1ndonos, pero no sabemos qu\u00e9 va a pasar y no sabemos qu\u00e9 hacer, varados en la terminal\u00bb, agreg\u00f3.<\/p>\n<p>En tanto pasajeros con otros destinos, aguardaban para iniciar su breves vacaciones de invierno, pero la partida y la duraci\u00f3n del descanso invernal se volvieron inciertos.<\/p>\n<p>EL RECLAMO<\/p>\n<p>El conflicto, que anoche deriv\u00f3 en un paro total por tiempo indeterminado, surgi\u00f3 del pedido por parte de los gremios de choferes, de un aumento salarial de 24 por ciento retroactivo al 1 de enero pasado. Los representantes de la C\u00e1mara Empresaria, por su parte, respondieron que pod\u00edan pagar ese incremento s\u00f3lo si no era remunerativo.<\/p>\n<p>La Pol\u00edtica Online<\/p>\n","protected":false},"excerpt":{"rendered":"<p>El funcionario de la CNRT Alejandro Rusconi confirm\u00f3 que se aplicar\u00e1 sanciones por cada viaje no realizado por la huelga. Explic\u00f3 que \u00ablas empresas est\u00e1n obligadas a prestar servicio\u00bb. \u00abVa a haber empresas sancionadas por cerrar las boleter\u00edas, los ba\u00f1os y cortar la calefacci\u00f3n\u00bb agreg\u00f3. El gobierno nacional decidi\u00f3 aplicar multas a las empresas de [&hellip;]<\/p>\n","protected":false},"author":1,"featured_media":0,"comment_status":"open","ping_status":"open","sticky":false,"template":"","format":"standard","meta":{"footnotes":""},"categories":[9,4],"tags":[6298],"class_list":["post-24269","post","type-post","status-publish","format-standard","hentry","category-economia","category-politicia","tag-paro-de-micros"],"_links":{"self":[{"href":"https:\/\/legislaturahoy.com\/index.php?rest_route=\/wp\/v2\/posts\/24269","targetHints":{"allow":["GET"]}}],"collection":[{"href":"https:\/\/legislaturahoy.com\/index.php?rest_route=\/wp\/v2\/posts"}],"about":[{"href":"https:\/\/legislaturahoy.com\/index.php?rest_route=\/wp\/v2\/types\/post"}],"author":[{"embeddable":true,"href":"https:\/\/legislaturahoy.com\/index.php?rest_route=\/wp\/v2\/users\/1"}],"replies":[{"embeddable":true,"href":"https:\/\/legislaturahoy.com\/index.php?rest_route=%2Fwp%2Fv2%2Fcomments&post=24269"}],"version-history":[{"count":0,"href":"https:\/\/legislaturahoy.com\/index.php?rest_route=\/wp\/v2\/posts\/24269\/revisions"}],"wp:attachment":[{"href":"https:\/\/legislaturahoy.com\/index.php?rest_route=%2Fwp%2Fv2%2Fmedia&parent=24269"}],"wp:term":[{"taxonomy":"category","embeddable":true,"href":"https:\/\/legislaturahoy.com\/index.php?rest_route=%2Fwp%2Fv2%2Fcategories&post=24269"},{"taxonomy":"post_tag","embeddable":true,"href":"https:\/\/legislaturahoy.com\/index.php?rest_route=%2Fwp%2Fv2%2Ftags&post=24269"}],"curies":[{"name":"wp","href":"https:\/\/api.w.org\/{rel}","templated":true}]}}