{"id":24355,"date":"2012-07-27T17:52:31","date_gmt":"2012-07-27T17:52:31","guid":{"rendered":"http:\/\/www.buenosairesdiario.com\/?p=24355"},"modified":"2012-07-27T17:52:31","modified_gmt":"2012-07-27T17:52:31","slug":"luciano-pereyra-llega-folclorico-y-con-alma-de-pueblo","status":"publish","type":"post","link":"https:\/\/legislaturahoy.com\/?p=24355","title":{"rendered":"Luciano Pereyra llega folcl\u00f3rico y \u00abCon alma de pueblo\u00bb"},"content":{"rendered":"<p><a href=\"https:\/\/noticiasbaires.com\/wp-content\/uploads\/2011\/09\/luciano-pereyra.jpg\"><img loading=\"lazy\" decoding=\"async\" src=\"https:\/\/noticiasbaires.com\/wp-content\/uploads\/2011\/09\/luciano-pereyra-300x225.jpg\" alt=\"\" title=\"luciano pereyra\" width=\"300\" height=\"225\" class=\"alignleft size-medium wp-image-15484\" srcset=\"https:\/\/legislaturahoy.com\/wp-content\/uploads\/2011\/09\/luciano-pereyra-300x225.jpg 300w, https:\/\/legislaturahoy.com\/wp-content\/uploads\/2011\/09\/luciano-pereyra.jpg 602w\" sizes=\"auto, (max-width: 300px) 100vw, 300px\" \/><\/a>El cantautor Luciano Pereyra presentar\u00e1 su nuevo disco \u00abCon alma de pueblo\u00bb los d\u00edas 4, 5, 17 y 18 de agosto en el Gran Rex para mostrar \u201cun \u00e1lbum enteramente folcl\u00f3rico aunque nunca a lo largo de mi carrera dej\u00e9 al folclore de lado\u201d, seg\u00fan especific\u00f3.<\/p>\n<p>\u00abNo tengo dudas en afirmar que este es un disco netamente de folclore porque, m\u00e1s all\u00e1 de todo, yo soy folclorista\u201d, subray\u00f3 Pereyra en una entrevista con T\u00e9lam.<\/p>\n<p>El vocalista, que fue consagraci\u00f3n en el Festival de Cosqu\u00edn de 2000, especific\u00f3 que \u201cen cada una de mis presentaciones y junto a las baladas o a los toques pop, siempre canto una chacarera, una zamba, un huayno, g\u00e9neros que son los que me hicieron nacer art\u00edsticamente\u00bb.<\/p>\n<p>Al margen de las consideraciones estil\u00edsticas sobre un tr\u00e1nsito que tambi\u00e9n lo llev\u00f3 para las bateas rom\u00e1nticas, Pereyra asegur\u00f3 que su reciente placa \u201ces el disco m\u00e1s m\u00edo y, a la vez, el que m\u00e1s tiene que ver con el p\u00fablico\u201d.<\/p>\n<p>\u00abPor eso el t\u00edtulo es `Con alma de pueblo` porque el mensaje le llega a cualquier persona que vive en esta inmensa ciudad y tiene recuerdos de su pago, de su gente, de sus olores, de sus costumbres\u201d, agreg\u00f3 el m\u00fasico.<\/p>\n<p>En una nueva referencia \u00edntima, Luciano confi\u00f3 que \u201ccada vez que puedo, y en los \u00faltimos tiempos lo hago seguido, regreso a mi hogar en Luj\u00e1n, con mis viejos, mi familia, los amigos, porque necesito ponerme en contacto con ellos para despu\u00e9s continuar con mi trabajo\u00bb.<\/p>\n<p>\u201cCon alma de pueblo\u201d fue lanzado ante m\u00e1s de 25.000 personas en marzo en la plaza San Mart\u00edn de C\u00f3rdoba y luego pas\u00f3 por el teatro Broadway de Rosario, el estadio Delmi de Salta y actualmente se encuentra rodando por Mendoza, Corrientes, Tucum\u00e1n y Misiones.<\/p>\n<p>En relaci\u00f3n a su llegada a la sala porte\u00f1a del Gran Rex, confes\u00f3 que la serie de actuaciones en ese teatro \u00abse la debo a Diego (Torres) porque cuando sub\u00ed como invitado en su concierto, recib\u00ed todo el cari\u00f1o de la gente y \u00e9l me dijo, `vas a volver a esta sala con todas las luces` y esas palabras se hicieron realidad. Por eso quiero hacer los mejores shows de mi carrera\u00bb.<\/p>\n<p>La placa con producci\u00f3n musical del pianista platense Tato Finocchi re\u00fane canciones propias como la que le da t\u00edtulo, \u00abD\u00f3nde estar\u00e1\u00bb, \u00abEl elegido\u00bb, \u00abTe digo adios amor\u00bb, \u00abHoy me despert\u00e9\u00bb, \u00abDame un beso\u00bb, \u00abLa hora del cantor\u00bb, \u00abMis noches sin t\u00ed\u00bb, \u00abSoy mendocino\u00bb y \u00abQue siga el baile\u00bb, que se mezclan con los cl\u00e1sicos \u00abZamba para olvidarte\u00bb de Daniel Toro y Julio Fontana y \u00abMemorias de una vieja canci\u00f3n\u00bb de Horacio Guarany.<\/p>\n<p>A\u00fan con el foco puesto en ese repertorio, en sus shows no faltan cl\u00e1sicos como \u00abChaupi chaupi coraz\u00f3n\u00bb, \u00abY as\u00ed as\u00ed\u00bb, \u00abMar de amor\u00bb, \u00abDesde que t\u00fa te has ido\u00bb, \u00abC\u00f3rdoba sin t\u00ed\u00bb -su primer gran \u00e9xito-, \u00abLa distancia\u00bb y \u00abComo puedo vivir sin t\u00ed\u00bb, entre otros.<\/p>\n<p>Al repasar su ligaz\u00f3n con la m\u00fasica nativa, cont\u00f3 que \u201cdesde chico en mi casa se escuch\u00f3 folclore. Mi padre entrerriano con sus chamarras y mi madre misionera con el sabor de la tierra colorada, por lo tanto nunca me alej\u00e9 del folclore, s\u00f3lo intento ser m\u00e1s amplio y darle un toque personal a cada interpretaci\u00f3n\u201d.<\/p>\n<p>Por \u00faltimo, Luciano se\u00f1al\u00f3 que \u00abdespu\u00e9s de haber pasado por momentos dif\u00edciles de salud, de pensar cosas raras, en la recuperaci\u00f3n y en la vuelta uno se vuelve m\u00e1s sensible y le da importancia a peque\u00f1as cosas, sencillas que por ah\u00ed no valoraba antes\u201d.<\/p>\n<p>\u201cPor eso -redonde\u00f3- es que le doy gracias a Dios y la Virgen de Luj\u00e1n que nunca me abandonaron y a mi familia y amigos que me acompa\u00f1aron en este proceso\u00bb.<\/p>\n<p>T\u00e9lam<\/p>\n","protected":false},"excerpt":{"rendered":"<p>El cantautor Luciano Pereyra presentar\u00e1 su nuevo disco \u00abCon alma de pueblo\u00bb los d\u00edas 4, 5, 17 y 18 de agosto en el Gran Rex para mostrar \u201cun \u00e1lbum enteramente folcl\u00f3rico aunque nunca a lo largo de mi carrera dej\u00e9 al folclore de lado\u201d, seg\u00fan especific\u00f3. \u00abNo tengo dudas en afirmar que este es un [&hellip;]<\/p>\n","protected":false},"author":1,"featured_media":0,"comment_status":"open","ping_status":"open","sticky":false,"template":"","format":"standard","meta":{"footnotes":""},"categories":[8],"tags":[],"class_list":["post-24355","post","type-post","status-publish","format-standard","hentry","category-espectaculos"],"_links":{"self":[{"href":"https:\/\/legislaturahoy.com\/index.php?rest_route=\/wp\/v2\/posts\/24355","targetHints":{"allow":["GET"]}}],"collection":[{"href":"https:\/\/legislaturahoy.com\/index.php?rest_route=\/wp\/v2\/posts"}],"about":[{"href":"https:\/\/legislaturahoy.com\/index.php?rest_route=\/wp\/v2\/types\/post"}],"author":[{"embeddable":true,"href":"https:\/\/legislaturahoy.com\/index.php?rest_route=\/wp\/v2\/users\/1"}],"replies":[{"embeddable":true,"href":"https:\/\/legislaturahoy.com\/index.php?rest_route=%2Fwp%2Fv2%2Fcomments&post=24355"}],"version-history":[{"count":0,"href":"https:\/\/legislaturahoy.com\/index.php?rest_route=\/wp\/v2\/posts\/24355\/revisions"}],"wp:attachment":[{"href":"https:\/\/legislaturahoy.com\/index.php?rest_route=%2Fwp%2Fv2%2Fmedia&parent=24355"}],"wp:term":[{"taxonomy":"category","embeddable":true,"href":"https:\/\/legislaturahoy.com\/index.php?rest_route=%2Fwp%2Fv2%2Fcategories&post=24355"},{"taxonomy":"post_tag","embeddable":true,"href":"https:\/\/legislaturahoy.com\/index.php?rest_route=%2Fwp%2Fv2%2Ftags&post=24355"}],"curies":[{"name":"wp","href":"https:\/\/api.w.org\/{rel}","templated":true}]}}