{"id":24358,"date":"2012-07-27T18:03:36","date_gmt":"2012-07-27T18:03:36","guid":{"rendered":"http:\/\/www.buenosairesdiario.com\/?p=24358"},"modified":"2012-07-27T18:03:36","modified_gmt":"2012-07-27T18:03:36","slug":"caida-de-industria-y-amenaza-recesiva-complican-el-proyecto-hollande","status":"publish","type":"post","link":"https:\/\/legislaturahoy.com\/?p=24358","title":{"rendered":"Ca\u00edda de industria y amenaza recesiva complican el proyecto Hollande"},"content":{"rendered":"<p><a href=\"https:\/\/noticiasbaires.com\/wp-content\/uploads\/2012\/05\/hollande.jpg\"><img loading=\"lazy\" decoding=\"async\" src=\"https:\/\/noticiasbaires.com\/wp-content\/uploads\/2012\/05\/hollande.jpg\" alt=\"\" title=\"hollande\" width=\"275\" height=\"181\" class=\"alignleft size-full wp-image-23246\" \/><\/a>Ante la estrepitosa ca\u00edda de la industria y una econom\u00eda estancada, el presidente franc\u00e9s, Francois Hollande, deber\u00e1 escoger entre su plan de desendeudamiento p\u00fablico o proteger el empleo, seg\u00fan analistas.<\/p>\n<p>Por Hern\u00e1n Campaniello<\/p>\n<p>\u201cSe habla mucho de las empresas que afrontan dificultades, pero hay que hablar de las empresas francesas que obtienen resultados, que exportan, innovan, arriesgan y le permiten a Francia tomar ventaja\u201d, explico Hollande esta tarde en la automotriz Val\u00e9o, donde defendi\u00f3 su plan para el sector.<\/p>\n<p>El plan gubernamental otorgar\u00e1 1.800 millones de euros al sector automotriz para potenciar la innovaci\u00f3n ecol\u00f3gica, pero es considerado \u201cexiguo\u201d por diversos analistas para evitar la supresi\u00f3n de 8.000 puestos de trabajo y el cierre de una fabrica de PSA Peugeot Citro\u00ebn, cuyo anuncio por parte del grupo hace dos semanas convulsion\u00f3 la agenda del gobierno socialista.<\/p>\n<p>\u201cEs un momento dif\u00edcil para la econom\u00eda francesa, donde le exigimos mucho a las empresas\u00bb, declaro hoy Hollande en las afueras de Par\u00eds.<\/p>\n<p>\u00abDebemos aportarle nuestra confianza, nuestro apoyo y celebrar todo lo que contribuyen al trabajo en Francia y por Francia. Al estar aqu\u00ed quiero dejar en claro en nombre de toda la Republica nuestra confianza en las empresas francesas\u201d, agreg\u00f3.<\/p>\n<p>Desde su asunci\u00f3n, el pasado 15 de mayo, el gobierno socialista debi\u00f3 enfrentar anuncios de supresiones de puestos en numerosas empresas.<\/p>\n<p>Las reestructuraciones anunciadas en la constructora PSA Peugeot Citro\u00ebn, en la compa\u00f1\u00eda a\u00e9rea estatal Air France, el laboratorio Sanofi, las empresas de telecomunicaci\u00f3n SFR, Bouygues y Alcatel-Lucent, las metal\u00fargicas Arcelor, Ascometal y Rio Tinto, la petrolera Petroplus o la compa\u00f1\u00eda av\u00edcola Doux, entre otros, podr\u00eda eliminar 50.000 puestos de trabajo en los pr\u00f3ximos meses.<\/p>\n<p>Paralelamente, la actividad en el sector manufacturero se contrae a un ritmo equivalente a la crisis econ\u00f3mica de 2008, seg\u00fan un informe presentado esta semana por la consultora Markit.<\/p>\n<p>En plena crisis econ\u00f3mica en la zona euro, Hollande, quien afirm\u00f3 que la avalancha de reestructuraciones se debe al bloqueo de los despidos durante la campa\u00f1a electoral para facilitar la reelecci\u00f3n de Nicolas Sarkozy, deber\u00e1 realizar recortes por 33.000 millones de euros el a\u00f1o pr\u00f3ximo para cumplir con su objetivo de equilibrar las cuentas publicas al final de su mandato en 2017.<\/p>\n<p>Al mismo tiempo, Hollande se comprometi\u00f3 a bajar el desempleo, que actualmente se encuentra en el 10.2% y que en junio \u00faltimo volvi\u00f3 a crecer por decimocuarto mes consecutivo, seg\u00fan anunci\u00f3 el ministerio de Trabajo.<\/p>\n<p>No obstante, en un informe presentado ayer sobre el programa de Hollande, el Observatorio Franc\u00e9s de Coyunturas Econ\u00f3micas (OFCE) estim\u00f3 que la b\u00fasqueda de un r\u00e1pido regreso al equilibrio p\u00fablico tendr\u00e1 un efecto recesivo importante y le impedir\u00e1 cumplir con otro de sus principales objetivos: bajar el desempleo.<\/p>\n<p>\u201cHollande deber\u00e1 escoger entre dos objetivos irreconciliables en el mediano plazo\u201d, estimo el jueves en declaraciones radiales Eric Heyer, director adjunto del departamento de an\u00e1lisis y previsi\u00f3n del organismo considerado de izquierda.<\/p>\n<p>\u201cA pesar de sus pol\u00edticas en curso, como el alza de impuestos y una considerable baja en los gastos p\u00fablicos, de llegar a 2017 con d\u00e9ficit cero el desempleo se situara en 10.9% y en los cinco a\u00f1os de gobierno se habr\u00e1n perdido m\u00e1s de 140.000 puestos de trabajo en el sector industrial\u201d, advierti\u00f3 el informe de la OFCE.<\/p>\n<p>Asimismo, la debilidad de la econom\u00eda gala, que seg\u00fan las estimaciones gubernamentales solo crecer\u00e1 un 0.3% en 2012, incrementan el riesgo de recesi\u00f3n.<\/p>\n<p>La econom\u00eda se contrajo en el primer trimestre de 2012 (0.4%), mientras que en el segundo trimestre, el Banco de Francia sit\u00faa el crecimiento en un nivel nulo (0.1%) cercano a la recesi\u00f3n.<\/p>\n<p>T\u00e9lam<\/p>\n","protected":false},"excerpt":{"rendered":"<p>Ante la estrepitosa ca\u00edda de la industria y una econom\u00eda estancada, el presidente franc\u00e9s, Francois Hollande, deber\u00e1 escoger entre su plan de desendeudamiento p\u00fablico o proteger el empleo, seg\u00fan analistas. Por Hern\u00e1n Campaniello \u201cSe habla mucho de las empresas que afrontan dificultades, pero hay que hablar de las empresas francesas que obtienen resultados, que exportan, [&hellip;]<\/p>\n","protected":false},"author":1,"featured_media":0,"comment_status":"open","ping_status":"open","sticky":false,"template":"","format":"standard","meta":{"footnotes":""},"categories":[7],"tags":[6313],"class_list":["post-24358","post","type-post","status-publish","format-standard","hentry","category-mundo","tag-hollande"],"_links":{"self":[{"href":"https:\/\/legislaturahoy.com\/index.php?rest_route=\/wp\/v2\/posts\/24358","targetHints":{"allow":["GET"]}}],"collection":[{"href":"https:\/\/legislaturahoy.com\/index.php?rest_route=\/wp\/v2\/posts"}],"about":[{"href":"https:\/\/legislaturahoy.com\/index.php?rest_route=\/wp\/v2\/types\/post"}],"author":[{"embeddable":true,"href":"https:\/\/legislaturahoy.com\/index.php?rest_route=\/wp\/v2\/users\/1"}],"replies":[{"embeddable":true,"href":"https:\/\/legislaturahoy.com\/index.php?rest_route=%2Fwp%2Fv2%2Fcomments&post=24358"}],"version-history":[{"count":0,"href":"https:\/\/legislaturahoy.com\/index.php?rest_route=\/wp\/v2\/posts\/24358\/revisions"}],"wp:attachment":[{"href":"https:\/\/legislaturahoy.com\/index.php?rest_route=%2Fwp%2Fv2%2Fmedia&parent=24358"}],"wp:term":[{"taxonomy":"category","embeddable":true,"href":"https:\/\/legislaturahoy.com\/index.php?rest_route=%2Fwp%2Fv2%2Fcategories&post=24358"},{"taxonomy":"post_tag","embeddable":true,"href":"https:\/\/legislaturahoy.com\/index.php?rest_route=%2Fwp%2Fv2%2Ftags&post=24358"}],"curies":[{"name":"wp","href":"https:\/\/api.w.org\/{rel}","templated":true}]}}