{"id":24376,"date":"2012-07-27T20:56:35","date_gmt":"2012-07-27T20:56:35","guid":{"rendered":"http:\/\/www.buenosairesdiario.com\/?p=24376"},"modified":"2012-07-28T02:57:31","modified_gmt":"2012-07-28T02:57:31","slug":"aymar-porto-la-bandera-y-la-ilusion-de-argentina","status":"publish","type":"post","link":"https:\/\/legislaturahoy.com\/?p=24376","title":{"rendered":"Aymar port\u00f3 la bandera y la ilusi\u00f3n de Argentina"},"content":{"rendered":"<p><a href=\"https:\/\/noticiasbaires.com\/wp-content\/uploads\/2010\/12\/Luciana-Aymar.jpg\"><img loading=\"lazy\" decoding=\"async\" src=\"https:\/\/noticiasbaires.com\/wp-content\/uploads\/2010\/12\/Luciana-Aymar-300x168.jpg\" alt=\"\" title=\"Luciana Aymar\" width=\"300\" height=\"168\" class=\"alignleft size-medium wp-image-3018\" srcset=\"https:\/\/legislaturahoy.com\/wp-content\/uploads\/2010\/12\/Luciana-Aymar-300x168.jpg 300w, https:\/\/legislaturahoy.com\/wp-content\/uploads\/2010\/12\/Luciana-Aymar.jpg 660w\" sizes=\"auto, (max-width: 300px) 100vw, 300px\" \/><\/a>Luciana Aymar, la abanderada de Argentina, ingres\u00f3, junto al resto de los deportistas nacionales, en el noveno turno del desfile de los equipos en el Estadio Ol\u00edmpico, escenario de una espectacular ceremonia de apertura de los Juegos Londres 2012.<\/p>\n<p>Por Adolfo Morales<\/p>\n<p>El desfile se inici\u00f3 a las 18.20 con la abanderada de Grecia y cuatro minutos m\u00e1s tarde \u00abLucha\u00bb despert\u00f3 la primera ovaci\u00f3n cuando encabez\u00f3 el equipo argentino.<\/p>\n<p>A la rosarina, que salud\u00f3 con su mano derecha, la escoltaron el resto de \u00abLas Leonas\u00bb y los dem\u00e1s deportistas nacionales, como los integrantes de la \u00abGeneraci\u00f3n Dorada\u00bb, entre ellos el \u00abYacar\u00e9\u00bb Kammerichs y el \u00abPipa\u00bb Guti\u00e9rrez, con c\u00e1mara en mano para inmortalizar el momento.<\/p>\n<p>Tambi\u00e9n estuvieron los chicos del v\u00f3leibol, los del handball, los del hockey sobre c\u00e9sped y los del tenis. Todos con alegr\u00eda, todos con filmadora&#8230;<\/p>\n<p>Emanuel Ginobili, el mejor basquetbolista de la historia, cumpli\u00f3 lo que prometi\u00f3 antes del inicio de la ceremonia: ponerle color y atrevimiento al desfile argentino.<\/p>\n<p>\u00abEn Beijing 2008 tuve que comportarme porque era el abanderado, pero esta vez no. Lo viv\u00ed y disfrut\u00e9 de otra manera. No s\u00e9 si mejor. S\u00ed, distinto\u00bb, le confi\u00f3 el bahiense a T\u00e9lam.<\/p>\n<p>Despues de estar cinco minutos dando vueltas al estadio, \u00abLucha\u00bb le entreg\u00f3 la bandera a una voluntaria de la organizacion, quien fue la encargada de colgarla en un costado del escenario del evento.<\/p>\n<p>Luego siguieron las delegaciones de Afganist\u00e1n, Albania, Argelia (los primeros que desfilaron con indumentaria deportiva), Samoa Americana (dieron el primer toque de color, porque lucieron su ropa t\u00edpica), Andorra (un abanderado var\u00f3n y el resto mujeres) y Antigua y Barbuda, una grupo de apenas cinco personas.<\/p>\n<p>Las atletas de B\u00e9lgica se robaron los suspiros de los hombres y Brasil, con su presidente Dilma Rousseff en el palco, tambi\u00e9n dejaron su sello por la gran cantidad de deportistas.<\/p>\n<p>Otro dato de color lo dio Ecuador. Es que su abanderado, C\u00e9sar De Cesare, es argentino. El campe\u00f3n panamericano de canotaje se nacionaliz\u00f3 hace un par de a\u00f1os y gano una re\u00f1ida votaci\u00f3n para llevar la bandera.<\/p>\n<p>A las 18.55 aparecieron los locales. Gran Breta\u00f1a, con un grupo nutrido de deportistas, se llev\u00f3 la \u00faltima ovaci\u00f3n de la gente.<\/p>\n<p>Luego se sucedieron las dem\u00e1s delegaciones. Y a las 19.45 lleg\u00f3 el final, con buena m\u00fasica, mucha alegr\u00eda y sin lluvia. La ceremonia tuvo de todo. Objetivo cumplido.<\/p>\n","protected":false},"excerpt":{"rendered":"<p>Luciana Aymar, la abanderada de Argentina, ingres\u00f3, junto al resto de los deportistas nacionales, en el noveno turno del desfile de los equipos en el Estadio Ol\u00edmpico, escenario de una espectacular ceremonia de apertura de los Juegos Londres 2012. Por Adolfo Morales El desfile se inici\u00f3 a las 18.20 con la abanderada de Grecia y [&hellip;]<\/p>\n","protected":false},"author":1,"featured_media":0,"comment_status":"open","ping_status":"open","sticky":false,"template":"","format":"standard","meta":{"footnotes":""},"categories":[3],"tags":[6316],"class_list":["post-24376","post","type-post","status-publish","format-standard","hentry","category-deportes","tag-juego-olimpicos-2012"],"_links":{"self":[{"href":"https:\/\/legislaturahoy.com\/index.php?rest_route=\/wp\/v2\/posts\/24376","targetHints":{"allow":["GET"]}}],"collection":[{"href":"https:\/\/legislaturahoy.com\/index.php?rest_route=\/wp\/v2\/posts"}],"about":[{"href":"https:\/\/legislaturahoy.com\/index.php?rest_route=\/wp\/v2\/types\/post"}],"author":[{"embeddable":true,"href":"https:\/\/legislaturahoy.com\/index.php?rest_route=\/wp\/v2\/users\/1"}],"replies":[{"embeddable":true,"href":"https:\/\/legislaturahoy.com\/index.php?rest_route=%2Fwp%2Fv2%2Fcomments&post=24376"}],"version-history":[{"count":0,"href":"https:\/\/legislaturahoy.com\/index.php?rest_route=\/wp\/v2\/posts\/24376\/revisions"}],"wp:attachment":[{"href":"https:\/\/legislaturahoy.com\/index.php?rest_route=%2Fwp%2Fv2%2Fmedia&parent=24376"}],"wp:term":[{"taxonomy":"category","embeddable":true,"href":"https:\/\/legislaturahoy.com\/index.php?rest_route=%2Fwp%2Fv2%2Fcategories&post=24376"},{"taxonomy":"post_tag","embeddable":true,"href":"https:\/\/legislaturahoy.com\/index.php?rest_route=%2Fwp%2Fv2%2Ftags&post=24376"}],"curies":[{"name":"wp","href":"https:\/\/api.w.org\/{rel}","templated":true}]}}