{"id":24382,"date":"2012-07-27T03:03:33","date_gmt":"2012-07-27T03:03:33","guid":{"rendered":"http:\/\/www.buenosairesdiario.com\/?p=24382"},"modified":"2012-07-28T03:05:15","modified_gmt":"2012-07-28T03:05:15","slug":"madonna-abucheada-en-paris-por-no-complacer-a-sus-fans","status":"publish","type":"post","link":"https:\/\/legislaturahoy.com\/?p=24382","title":{"rendered":"Madonna, abucheada en Par\u00eds por no complacer a sus fans"},"content":{"rendered":"<p><a href=\"https:\/\/noticiasbaires.com\/wp-content\/uploads\/2012\/03\/madonna-minishort.jpg\"><img loading=\"lazy\" decoding=\"async\" src=\"https:\/\/noticiasbaires.com\/wp-content\/uploads\/2012\/03\/madonna-minishort-300x225.jpg\" alt=\"\" title=\"madonna minishort\" width=\"300\" height=\"225\" class=\"alignleft size-medium wp-image-21782\" srcset=\"https:\/\/legislaturahoy.com\/wp-content\/uploads\/2012\/03\/madonna-minishort-300x225.jpg 300w, https:\/\/legislaturahoy.com\/wp-content\/uploads\/2012\/03\/madonna-minishort.jpg 600w\" sizes=\"auto, (max-width: 300px) 100vw, 300px\" \/><\/a>La reina del pop ofreci\u00f3 un show donde se supon\u00eda que hiciera las paces con su p\u00fablico franc\u00e9s, pero los hizo enojar a\u00fan m\u00e1s.<br \/>\nMadonna, abucheada en Par\u00eds por no complacer a sus fans<\/p>\n<p>Parece que \u00e9sta ser\u00e1 recordada como la gira del esc\u00e1ndalo para Madonna. La cantante de 53 a\u00f1os regres\u00f3 a Par\u00eds para ofrecer un concierto \u00edntimo pero fue abucheada despu\u00e9s de s\u00f3lo 50 minutos de show.<\/p>\n<p>Al parecer, los fan\u00e1ticos franceses de Madonna empezaron a tirar botellas de pl\u00e1stico y otros objetos al escenario del teatro Olympia de Par\u00eds despu\u00e9s de que la cantante se retirara tras un show de menos de una hora.<\/p>\n<p>La cantante hab\u00eda agregado una fecha en el Olympia de Par\u00eds tras una controversia con la ex candidata presidencial de ultra derecha, Marine Le Pen, a quien hab\u00eda mostrado en su anterior concierto en la capital francesa con el s\u00edmbolo nazi en la frente.<\/p>\n<p>Le Pen amenaz\u00f3 con demandar a Madonna por su osad\u00eda, pero la reina del pop se comprometi\u00f3 a regresar a Par\u00eds. Y lo hizo, pero s\u00f3lo logr\u00f3 enervar a los m\u00e1s de 2500 fan\u00e1ticos que hab\u00edan pagado de 80 a 280 euros por entrada (entre 100 y 350 d\u00f3lares).<\/p>\n<p>El show de Madonna fue re transmitido por el sitio YouTube, donde obtuvo m\u00e1s de 13 mil \u00abdislikes\u00bb (una suerte de \u00abno me gusta\u00bb) y la cantante fue despedida por el p\u00fablico al grito de \u00ab\u00a1Reembolso! \u00a1Reembolso!\u00bb, \u00bfles devolver\u00e1n su dinero?<\/p>\n<p>Minuto Uno<\/p>\n","protected":false},"excerpt":{"rendered":"<p>La reina del pop ofreci\u00f3 un show donde se supon\u00eda que hiciera las paces con su p\u00fablico franc\u00e9s, pero los hizo enojar a\u00fan m\u00e1s. Madonna, abucheada en Par\u00eds por no complacer a sus fans Parece que \u00e9sta ser\u00e1 recordada como la gira del esc\u00e1ndalo para Madonna. La cantante de 53 a\u00f1os regres\u00f3 a Par\u00eds para [&hellip;]<\/p>\n","protected":false},"author":1,"featured_media":0,"comment_status":"open","ping_status":"open","sticky":false,"template":"","format":"standard","meta":{"footnotes":""},"categories":[8],"tags":[2480],"class_list":["post-24382","post","type-post","status-publish","format-standard","hentry","category-espectaculos","tag-madonna"],"_links":{"self":[{"href":"https:\/\/legislaturahoy.com\/index.php?rest_route=\/wp\/v2\/posts\/24382","targetHints":{"allow":["GET"]}}],"collection":[{"href":"https:\/\/legislaturahoy.com\/index.php?rest_route=\/wp\/v2\/posts"}],"about":[{"href":"https:\/\/legislaturahoy.com\/index.php?rest_route=\/wp\/v2\/types\/post"}],"author":[{"embeddable":true,"href":"https:\/\/legislaturahoy.com\/index.php?rest_route=\/wp\/v2\/users\/1"}],"replies":[{"embeddable":true,"href":"https:\/\/legislaturahoy.com\/index.php?rest_route=%2Fwp%2Fv2%2Fcomments&post=24382"}],"version-history":[{"count":0,"href":"https:\/\/legislaturahoy.com\/index.php?rest_route=\/wp\/v2\/posts\/24382\/revisions"}],"wp:attachment":[{"href":"https:\/\/legislaturahoy.com\/index.php?rest_route=%2Fwp%2Fv2%2Fmedia&parent=24382"}],"wp:term":[{"taxonomy":"category","embeddable":true,"href":"https:\/\/legislaturahoy.com\/index.php?rest_route=%2Fwp%2Fv2%2Fcategories&post=24382"},{"taxonomy":"post_tag","embeddable":true,"href":"https:\/\/legislaturahoy.com\/index.php?rest_route=%2Fwp%2Fv2%2Ftags&post=24382"}],"curies":[{"name":"wp","href":"https:\/\/api.w.org\/{rel}","templated":true}]}}