{"id":24392,"date":"2012-07-30T07:48:49","date_gmt":"2012-07-30T07:48:49","guid":{"rendered":"http:\/\/www.buenosairesdiario.com\/?p=24392"},"modified":"2012-07-30T13:49:53","modified_gmt":"2012-07-30T13:49:53","slug":"denunciaran-al-titular-del-servicio-penitenciario","status":"publish","type":"post","link":"https:\/\/legislaturahoy.com\/?p=24392","title":{"rendered":"Denunciar\u00e1n al titular del Servicio Penitenciario"},"content":{"rendered":"<p><a href=\"https:\/\/noticiasbaires.com\/wp-content\/uploads\/2011\/06\/carcel.jpg\"><img loading=\"lazy\" decoding=\"async\" src=\"https:\/\/noticiasbaires.com\/wp-content\/uploads\/2011\/06\/carcel-300x197.jpg\" alt=\"\" title=\"carcel\" width=\"300\" height=\"197\" class=\"alignleft size-medium wp-image-11860\" srcset=\"https:\/\/legislaturahoy.com\/wp-content\/uploads\/2011\/06\/carcel-300x197.jpg 300w, https:\/\/legislaturahoy.com\/wp-content\/uploads\/2011\/06\/carcel.jpg 380w\" sizes=\"auto, (max-width: 300px) 100vw, 300px\" \/><\/a>Tras la denuncia period\u00edstica sobre salidas de presos para asistir a actos, desde la oposici\u00f3n anuncian una presentaci\u00f3n judicial contra V\u00edctor Hortel. Tambi\u00e9n pedir\u00e1n interpelar al ministro Julio Alak.<\/p>\n<p>Gran revuelo ha comenzado a generar la informaci\u00f3n period\u00edstica que indica que algunos detenidos ser\u00edan autorizados a salir de los centros de reclusi\u00f3n para asistir a actos organizados por el kirchnerismo. En ese marco, el diputado nacional de la Coalici\u00f3n C\u00edvica Carlos Comi anticip\u00f3 que denunciar\u00e1 al titular del Servicio Penitenciario, V\u00edctor Hortel.<\/p>\n<p>Asimismo Comi y el diputado del Gen Gerardo Milman anunciaron que pedir\u00e1 la interpelaci\u00f3n del ministro de Justicia, Julio Alak, a fin de que se brinden informaciones que clarifiquen lo denunciado por el diario Clar\u00edn.<\/p>\n<p>La denuncia contra Hortel es por ser el primer responsable de la decisi\u00f3n sobre los detenidos que habr\u00edan sido parte de salidas organizadas por la agrupaci\u00f3n kirchnerista Vatay\u00f3n Militante. A trav\u00e9s de un comunicado, Comi consider\u00f3 que tales salidas ser\u00edan \u00abun agravio a las v\u00edctimas que detenidos que deber\u00edan cumplir sus condenas participen de actividades que no est\u00e1n previstas en la ley\u00bb.<\/p>\n<p>\u00abUna cosa es una pol\u00edtica estrat\u00e9gica de reinserci\u00f3n en la sociedad de los condenados, con salidas temporarias debidamente autorizadas por el juez y otra muy diferente es la arbitrariedad manifiesta de utilizar un cargo p\u00fablico para trasladar detenidos con el \u00fanico fin de animar actos pol\u00edticos\u00bb, se\u00f1al\u00f3 el diputado santafesino.<\/p>\n<p>Respecto del ministro de Justicia, Julio Alak, Comi consider\u00f3 que debe concurrir al Congreso nacional para \u00abexplicar este esc\u00e1ndalo\u201d. En el mismo sentido se expres\u00f3 el diputado del FAP Gerardo Milman, quien sostuvo que \u201cel Gobierno, a trav\u00e9s del ministro de \u2018Injusticia, debe dar explicaciones porque no s\u00f3lo salen a tocar m\u00fasica sino en muchas ocasiones a delinquir, amparados por el servicio penitenciario\u201d.<\/p>\n<p>Sobre la supuesta utilizaci\u00f3n pol\u00edtica de los presos, Milman agreg\u00f3 que \u201ces claro que estamos ante un gobierno que se inspira en la mala lectura de Maquiavelo, s\u00f3lo le interesan los fines sin importar los medios\u201d. <\/p>\n<p>Parlamentario<\/p>\n","protected":false},"excerpt":{"rendered":"<p>Tras la denuncia period\u00edstica sobre salidas de presos para asistir a actos, desde la oposici\u00f3n anuncian una presentaci\u00f3n judicial contra V\u00edctor Hortel. Tambi\u00e9n pedir\u00e1n interpelar al ministro Julio Alak. Gran revuelo ha comenzado a generar la informaci\u00f3n period\u00edstica que indica que algunos detenidos ser\u00edan autorizados a salir de los centros de reclusi\u00f3n para asistir a [&hellip;]<\/p>\n","protected":false},"author":1,"featured_media":0,"comment_status":"open","ping_status":"open","sticky":false,"template":"","format":"standard","meta":{"footnotes":""},"categories":[4],"tags":[6318],"class_list":["post-24392","post","type-post","status-publish","format-standard","hentry","category-politicia","tag-victor-hortel"],"_links":{"self":[{"href":"https:\/\/legislaturahoy.com\/index.php?rest_route=\/wp\/v2\/posts\/24392","targetHints":{"allow":["GET"]}}],"collection":[{"href":"https:\/\/legislaturahoy.com\/index.php?rest_route=\/wp\/v2\/posts"}],"about":[{"href":"https:\/\/legislaturahoy.com\/index.php?rest_route=\/wp\/v2\/types\/post"}],"author":[{"embeddable":true,"href":"https:\/\/legislaturahoy.com\/index.php?rest_route=\/wp\/v2\/users\/1"}],"replies":[{"embeddable":true,"href":"https:\/\/legislaturahoy.com\/index.php?rest_route=%2Fwp%2Fv2%2Fcomments&post=24392"}],"version-history":[{"count":0,"href":"https:\/\/legislaturahoy.com\/index.php?rest_route=\/wp\/v2\/posts\/24392\/revisions"}],"wp:attachment":[{"href":"https:\/\/legislaturahoy.com\/index.php?rest_route=%2Fwp%2Fv2%2Fmedia&parent=24392"}],"wp:term":[{"taxonomy":"category","embeddable":true,"href":"https:\/\/legislaturahoy.com\/index.php?rest_route=%2Fwp%2Fv2%2Fcategories&post=24392"},{"taxonomy":"post_tag","embeddable":true,"href":"https:\/\/legislaturahoy.com\/index.php?rest_route=%2Fwp%2Fv2%2Ftags&post=24392"}],"curies":[{"name":"wp","href":"https:\/\/api.w.org\/{rel}","templated":true}]}}