{"id":25494,"date":"2012-09-25T07:26:33","date_gmt":"2012-09-25T07:26:33","guid":{"rendered":"http:\/\/www.buenosairesdiario.com\/?p=25494"},"modified":"2012-09-25T17:27:26","modified_gmt":"2012-09-25T17:27:26","slug":"continuan-las-tomas","status":"publish","type":"post","link":"https:\/\/legislaturahoy.com\/?p=25494","title":{"rendered":"Contin\u00faan las tomas"},"content":{"rendered":"<p><a href=\"https:\/\/noticiasbaires.com\/wp-content\/uploads\/2012\/09\/Colegio_Tomado.jpg\"><img loading=\"lazy\" decoding=\"async\" src=\"https:\/\/noticiasbaires.com\/wp-content\/uploads\/2012\/09\/Colegio_Tomado.jpg\" alt=\"\" title=\"Colegio_Tomado\" width=\"275\" height=\"230\" class=\"alignleft size-full wp-image-25495\" \/><\/a>Estudiantes mantienen la ocupaci\u00f3n de 15 escuelas t\u00e9cnicas y bachilleratos porte\u00f1os. Este martes realizar\u00e1n una asamblea y planean marchar el jueves. Los alumnos que llevan adelante la medida de fuerza  para rechazar cambios en los planes de estudio y t\u00edtulos  definir\u00e1n este martes si levantan o contin\u00faan las tomas.<\/p>\n<p>Asimismo, anunciaron que  realizar\u00e1n el jueves una movilizaci\u00f3n desde el Ministerio de Educaci\u00f3n nacional al de Ciudad.<\/p>\n<p>Gabo L\u00f3pez, presidente del Centro de Estudiantes del Normal 10, indic\u00f3, en di\u00e1logo con los medios que \u00abla intenci\u00f3n no es mantener las tomas, no es algo que nos divierta bancar el fin de semana largo las ocupaciones en lugar de festejar la Primavera\u00bb.<\/p>\n<p>Adem\u00e1s, L\u00f3pez adelant\u00f3 que los dirigentes sesionar\u00e1n en la Escuela de Comercio 30, de Villa Luro, para evaluar las acciones a seguir, y el mi\u00e9rcoles dar\u00e1n a conocer la decisi\u00f3n.<\/p>\n<p>El dirigente estudiantil explic\u00f3 que esperan \u00abun gesto de voluntad del Ministerio de Educaci\u00f3n porte\u00f1o y del Consejo Federal para que suspendan el cambio curricular y nos convoquen a consultas antes de 2013\u00bb.<\/p>\n<p>La marcha del jueves, que encabezar\u00e1 la Coordinadora de Estudiantes de Base (CEB) que hegemonizan agrupaciones de izquierda y lidera las tomas desde hace una semana, partir\u00e1 a las 18 del ministerio nacional, frente a Plaza Pizzurno, para dirigirse por C\u00f3rdoba y luego Avenida de Mayo hacia la cartera educativa porte\u00f1a, en Paseo Col\u00f3n 255, donde pedir\u00e1n ser recibidos.<\/p>\n<p>Ciudad1<\/p>\n","protected":false},"excerpt":{"rendered":"<p>Estudiantes mantienen la ocupaci\u00f3n de 15 escuelas t\u00e9cnicas y bachilleratos porte\u00f1os. Este martes realizar\u00e1n una asamblea y planean marchar el jueves. Los alumnos que llevan adelante la medida de fuerza para rechazar cambios en los planes de estudio y t\u00edtulos definir\u00e1n este martes si levantan o contin\u00faan las tomas. Asimismo, anunciaron que realizar\u00e1n el jueves [&hellip;]<\/p>\n","protected":false},"author":1,"featured_media":0,"comment_status":"open","ping_status":"open","sticky":false,"template":"","format":"standard","meta":{"footnotes":""},"categories":[4],"tags":[6498],"class_list":["post-25494","post","type-post","status-publish","format-standard","hentry","category-politicia","tag-colegios-tomados"],"_links":{"self":[{"href":"https:\/\/legislaturahoy.com\/index.php?rest_route=\/wp\/v2\/posts\/25494","targetHints":{"allow":["GET"]}}],"collection":[{"href":"https:\/\/legislaturahoy.com\/index.php?rest_route=\/wp\/v2\/posts"}],"about":[{"href":"https:\/\/legislaturahoy.com\/index.php?rest_route=\/wp\/v2\/types\/post"}],"author":[{"embeddable":true,"href":"https:\/\/legislaturahoy.com\/index.php?rest_route=\/wp\/v2\/users\/1"}],"replies":[{"embeddable":true,"href":"https:\/\/legislaturahoy.com\/index.php?rest_route=%2Fwp%2Fv2%2Fcomments&post=25494"}],"version-history":[{"count":0,"href":"https:\/\/legislaturahoy.com\/index.php?rest_route=\/wp\/v2\/posts\/25494\/revisions"}],"wp:attachment":[{"href":"https:\/\/legislaturahoy.com\/index.php?rest_route=%2Fwp%2Fv2%2Fmedia&parent=25494"}],"wp:term":[{"taxonomy":"category","embeddable":true,"href":"https:\/\/legislaturahoy.com\/index.php?rest_route=%2Fwp%2Fv2%2Fcategories&post=25494"},{"taxonomy":"post_tag","embeddable":true,"href":"https:\/\/legislaturahoy.com\/index.php?rest_route=%2Fwp%2Fv2%2Ftags&post=25494"}],"curies":[{"name":"wp","href":"https:\/\/api.w.org\/{rel}","templated":true}]}}