{"id":30786,"date":"2013-05-20T10:12:56","date_gmt":"2013-05-20T10:12:56","guid":{"rendered":"http:\/\/www.buenosairesdiario.com\/?p=30786"},"modified":"2013-05-20T15:14:24","modified_gmt":"2013-05-20T15:14:24","slug":"nalbandian-cayo-20-puestos-y-tiene-el-peor-ranking-desde-febrero-de-2001","status":"publish","type":"post","link":"https:\/\/legislaturahoy.com\/?p=30786","title":{"rendered":"Nalbandian cay\u00f3 20 puestos y tiene el peor ranking desde febrero de 2001"},"content":{"rendered":"<p><a href=\"https:\/\/noticiasbaires.com\/wp-content\/uploads\/2012\/06\/nalbandian-triste.jpg\"><img loading=\"lazy\" decoding=\"async\" src=\"https:\/\/noticiasbaires.com\/wp-content\/uploads\/2012\/06\/nalbandian-triste-150x150.jpg\" alt=\"\" title=\"nalbandian triste\" width=\"150\" height=\"150\" class=\"alignleft size-thumbnail wp-image-23860\" \/><\/a>El cordob\u00e9s edescendi\u00f3 al puesto 187, que representa su peor registro desde febrero de 2001 cuando se ubicaba 207 y llevaba apenas un a\u00f1o como profesional.<\/p>\n<p>El \u00abRey David\u00bb, de 31 a\u00f1os, experimenta un descenso pronunciado desde 18 de marzo pasado cuando sali\u00f3 del \u00abtop cien\u00bb luego de dos a\u00f1os y siete meses.<\/p>\n<p>En la actual temporada, el jugador de Unquillo jug\u00f3 cinco torneos y en el primero perdi\u00f3 la final de San Pablo ante el espa\u00f1ol Rafael Nadal.<\/p>\n<p>Luego perdi\u00f3 en la segunda ronda de Buenos Aires e Indian Wells y cay\u00f3 en la inicial de Acapulco y Miami.<\/p>\n<p>En tanto, el argentino Juan M\u00f3naco baj\u00f3 un lugar, al 19no. puesto, y Nadal avanz\u00f3 del quinto al cuarto escal\u00f3n en el ranking mundial de tenis, que actualiza semanalmente la ATP.<\/p>\n<p>El ascenso del espa\u00f1ol y el regreso del serbio Janko Tipsarevic (10) en lugar del suizo Stanislas Wawrinka fueron los cambios experimentados en el \u00abtop ten\u00bb, donde Juan Mart\u00edn Del Potro se mantiene s\u00e9ptimo desde el 5 de noviembre del a\u00f1o pasado.<\/p>\n<p>El chascomusense Carlos Berlocq tambi\u00e9n retrocedi\u00f3 un puesto, del 63ro. al 64to., y el mendocino Mart\u00edn Alund ascendi\u00f3 dos (98). El resto de los argentinos del \u00abtop cien\u00bb conserv\u00f3 su posici\u00f3n: Horacio Zeballos (47) y Leonardo Mayer (62).<\/p>\n<p>Los diez puestos iniciales del escalaf\u00f3n son los siguientes: 1) Novak Djokovic (Serbia); 2) Andy Murray (Escocia); 3) Roger Federer (Suiza); 4) Rafael Nadal (Espa\u00f1a); 5) David Ferrer (Espa\u00f1a); 6) Tomas Berdych (Rep.Checa); 7) Juan Mart\u00edn Del Potro (Argentina); 8) Jo-Wilfried Tsonga (Francia); 9) Richard Gasquet (Francia) y 10) JankoTipsarevic (Serbia). <\/p>\n<p>T\u00e9lam.com<\/p>\n","protected":false},"excerpt":{"rendered":"<p>El cordob\u00e9s edescendi\u00f3 al puesto 187, que representa su peor registro desde febrero de 2001 cuando se ubicaba 207 y llevaba apenas un a\u00f1o como profesional. El \u00abRey David\u00bb, de 31 a\u00f1os, experimenta un descenso pronunciado desde 18 de marzo pasado cuando sali\u00f3 del \u00abtop cien\u00bb luego de dos a\u00f1os y siete meses. En la [&hellip;]<\/p>\n","protected":false},"author":1,"featured_media":0,"comment_status":"open","ping_status":"open","sticky":false,"template":"","format":"standard","meta":{"footnotes":""},"categories":[3],"tags":[1638],"class_list":["post-30786","post","type-post","status-publish","format-standard","hentry","category-deportes","tag-david-nalbandian"],"_links":{"self":[{"href":"https:\/\/legislaturahoy.com\/index.php?rest_route=\/wp\/v2\/posts\/30786","targetHints":{"allow":["GET"]}}],"collection":[{"href":"https:\/\/legislaturahoy.com\/index.php?rest_route=\/wp\/v2\/posts"}],"about":[{"href":"https:\/\/legislaturahoy.com\/index.php?rest_route=\/wp\/v2\/types\/post"}],"author":[{"embeddable":true,"href":"https:\/\/legislaturahoy.com\/index.php?rest_route=\/wp\/v2\/users\/1"}],"replies":[{"embeddable":true,"href":"https:\/\/legislaturahoy.com\/index.php?rest_route=%2Fwp%2Fv2%2Fcomments&post=30786"}],"version-history":[{"count":0,"href":"https:\/\/legislaturahoy.com\/index.php?rest_route=\/wp\/v2\/posts\/30786\/revisions"}],"wp:attachment":[{"href":"https:\/\/legislaturahoy.com\/index.php?rest_route=%2Fwp%2Fv2%2Fmedia&parent=30786"}],"wp:term":[{"taxonomy":"category","embeddable":true,"href":"https:\/\/legislaturahoy.com\/index.php?rest_route=%2Fwp%2Fv2%2Fcategories&post=30786"},{"taxonomy":"post_tag","embeddable":true,"href":"https:\/\/legislaturahoy.com\/index.php?rest_route=%2Fwp%2Fv2%2Ftags&post=30786"}],"curies":[{"name":"wp","href":"https:\/\/api.w.org\/{rel}","templated":true}]}}