{"id":39045,"date":"2014-04-15T09:23:47","date_gmt":"2014-04-15T09:23:47","guid":{"rendered":"http:\/\/www.buenosairesdiario.com\/?p=39045"},"modified":"2014-04-15T13:26:10","modified_gmt":"2014-04-15T13:26:10","slug":"ramon-pido-disculpas-fue-una-declaracion-desafortunada","status":"publish","type":"post","link":"https:\/\/legislaturahoy.com\/?p=39045","title":{"rendered":"Ram\u00f3n: \u00abPido disculpas, fue una declaraci\u00f3n desafortunada\u00bb"},"content":{"rendered":"<p><a href=\"https:\/\/noticiasbaires.com\/wp-content\/uploads\/2014\/04\/ramon.jpg\"><img loading=\"lazy\" decoding=\"async\" src=\"https:\/\/noticiasbaires.com\/wp-content\/uploads\/2014\/04\/ramon-150x150.jpg\" alt=\"\" title=\"ramon\" width=\"150\" height=\"150\" class=\"alignleft size-thumbnail wp-image-39046\" \/><\/a>El Ministerio de Seguridad enviar\u00e1 una nota de repudio al club y otra a la AFA para que eval\u00fae un eventual castigo a Ram\u00f3n D\u00edaz.<\/p>\n<p>El riojano explic\u00f3 que tuvo intenci\u00f3n de referirse \u00aba la popular\u00bb pero le \u00absali\u00f3\u00bb el nombre de la barra, con la que neg\u00f3 cualquier tipo de v\u00ednculo.<\/p>\n<p>\u00abNo tengo ninguna relaci\u00f3n con ellos ni con nadie. Quienes me conocen saben que llevo una vida muy familiera\u00bb, aclar\u00f3 el entrenador, \u00eddolo del club de N\u00fa\u00f1ez.<\/p>\n<p>Inmediatamente despu\u00e9s de ganarle a Rafaela, todav\u00eda en el campo de juego del Monumental, D\u00edaz le dijo a F\u00fatbol para Todos: \u00abLe agradezco a toda la gente, pero principalmente a `Los Borrachos del Tabl\u00f3n`, porque fueron ellos los que motivaron a todo el mundo\u00bb.<\/p>\n<p>La dedicatoria fue condenada hoy por el secretario de Seguridad de la Naci\u00f3n, Sergio Berni, que vincul\u00f3 esos dichos con \u00abla verdadera violencia en el f\u00fatbol\u00bb.<\/p>\n<blockquote><p>\n    \u00abComet\u00ed un error y pido disculpas a toda la gente de River. Sabemos el momento dif\u00edcil que se vive en el pa\u00eds en relaci\u00f3n al tema de la violencia en el f\u00fatbol\u00bb <\/p><\/blockquote>\n<p> \u00abMe parece que todos debemos ser responsables, sobre todo un entrenador de la calidad de Ram\u00f3n D\u00edaz\u00bb, cuestion\u00f3 el funcionario, tras adelantar que el Comit\u00e9 de Seguridad en el F\u00fatbol analizar\u00e1 sanciones.<\/p>\n<p>Como primera medida, el organismo del Ministerio del \u00e1rea -seg\u00fan revel\u00f3 una fuente a T\u00e9lam- enviar\u00e1 al club una nota escrita en repudio a las declaraciones del DT y luego otra a la Asociaci\u00f3n del F\u00fatbol Argentino (AFA) para que eval\u00fae un eventual castigo.<\/p>\n<p>\u00abComet\u00ed un error y pido disculpas a toda la gente de River. Sabemos el momento dif\u00edcil que se vive en el pa\u00eds en relaci\u00f3n al tema de la violencia en el f\u00fatbol\u00bb, asumi\u00f3.<\/p>\n<p>Desde mediados del a\u00f1o pasado, el f\u00fatbol argentino tiene prohibido el acceso a los hinchas visitante por el accionar violento de las barras.<\/p>\n<p>\u00abEsperemos que este tema se termine, s\u00f3lo quiero que a River le vaya bien. La gente nos est\u00e1 acompa\u00f1ando, estamos en un momento lindo a nivel deportivo y hac\u00eda mucho que no se daba\u00bb, valor\u00f3 D\u00edaz en declaraciones al programa \u00abAm\u00e9rica &#038; Closs\u00bb.<\/p>\n<p>Luego, el entrenador se desentendi\u00f3 por la bandera con su rostro y la leyenda \u00abEl m\u00e1s ganador\u00bb que portan \u00abLos Borrachos del Tabl\u00f3n\u00bb como tambi\u00e9n por la aparici\u00f3n de ella en la primera pr\u00e1ctica realizada a puertas cerradas, luego de ganarle el supercl\u00e1sico a Boca Juniors, de visitante.<\/p>\n<p>\u00abDesde los nueve a\u00f1os que estoy en el club, si no me equivoco tengo 16 t\u00edtulos en el club (Ndr: 12, cinco como jugador y 7 como DT) y lo que hace la gente no lo puedo contrarrestar. S\u00f3lo agradezco el cari\u00f1o que me dan y me dedico exclusivamente a lo m\u00edo\u00bb, concluy\u00f3.<\/p>\n<p>Fuente: www.telam.com.ar<\/p>\n","protected":false},"excerpt":{"rendered":"<p>El Ministerio de Seguridad enviar\u00e1 una nota de repudio al club y otra a la AFA para que eval\u00fae un eventual castigo a Ram\u00f3n D\u00edaz. El riojano explic\u00f3 que tuvo intenci\u00f3n de referirse \u00aba la popular\u00bb pero le \u00absali\u00f3\u00bb el nombre de la barra, con la que neg\u00f3 cualquier tipo de v\u00ednculo. \u00abNo tengo ninguna [&hellip;]<\/p>\n","protected":false},"author":1,"featured_media":0,"comment_status":"open","ping_status":"open","sticky":false,"template":"","format":"standard","meta":{"footnotes":""},"categories":[3],"tags":[6142,625,45],"class_list":["post-39045","post","type-post","status-publish","format-standard","hentry","category-deportes","tag-barra-brava","tag-ramon-diaz","tag-river"],"_links":{"self":[{"href":"https:\/\/legislaturahoy.com\/index.php?rest_route=\/wp\/v2\/posts\/39045","targetHints":{"allow":["GET"]}}],"collection":[{"href":"https:\/\/legislaturahoy.com\/index.php?rest_route=\/wp\/v2\/posts"}],"about":[{"href":"https:\/\/legislaturahoy.com\/index.php?rest_route=\/wp\/v2\/types\/post"}],"author":[{"embeddable":true,"href":"https:\/\/legislaturahoy.com\/index.php?rest_route=\/wp\/v2\/users\/1"}],"replies":[{"embeddable":true,"href":"https:\/\/legislaturahoy.com\/index.php?rest_route=%2Fwp%2Fv2%2Fcomments&post=39045"}],"version-history":[{"count":0,"href":"https:\/\/legislaturahoy.com\/index.php?rest_route=\/wp\/v2\/posts\/39045\/revisions"}],"wp:attachment":[{"href":"https:\/\/legislaturahoy.com\/index.php?rest_route=%2Fwp%2Fv2%2Fmedia&parent=39045"}],"wp:term":[{"taxonomy":"category","embeddable":true,"href":"https:\/\/legislaturahoy.com\/index.php?rest_route=%2Fwp%2Fv2%2Fcategories&post=39045"},{"taxonomy":"post_tag","embeddable":true,"href":"https:\/\/legislaturahoy.com\/index.php?rest_route=%2Fwp%2Fv2%2Ftags&post=39045"}],"curies":[{"name":"wp","href":"https:\/\/api.w.org\/{rel}","templated":true}]}}