{"id":39204,"date":"2014-04-23T08:44:54","date_gmt":"2014-04-23T08:44:54","guid":{"rendered":"http:\/\/www.buenosairesdiario.com\/?p=39204"},"modified":"2014-04-23T13:45:29","modified_gmt":"2014-04-23T13:45:29","slug":"%e2%80%9cme-encantaria-que-aimar-se-retire-en-river%e2%80%9d-indico-fernando-cavenaghi","status":"publish","type":"post","link":"https:\/\/legislaturahoy.com\/?p=39204","title":{"rendered":"\u201cMe encantar\u00eda que Aimar se retire en River\u201d, indic\u00f3 Fernando Cavenaghi"},"content":{"rendered":"<p>22.04.2014 22:28<br \/>\n<a href=\"https:\/\/noticiasbaires.com\/wp-content\/uploads\/2014\/04\/cavenaghi.jpg\"><img loading=\"lazy\" decoding=\"async\" src=\"https:\/\/noticiasbaires.com\/wp-content\/uploads\/2014\/04\/cavenaghi.jpg\" alt=\"\" title=\"cavenaghi\" width=\"260\" height=\"189\" class=\"aligncenter size-full wp-image-39205\" \/><\/a>El capit\u00e1n de River Plate, Fernando Cavenaghi, admiti\u00f3 que le \u201cencantar\u00eda\u201d que Aimar, quien rescindi\u00f3 el lunes su contrato con el Johor de Malasia y es pretendido por el club de N\u00fa\u00f1ez, se retire con la camiseta millonaria.<\/p>\n<p>\u00abMe encantar\u00eda que (Pablo) Aimar se retire con esta camiseta\u00bb, reconoci\u00f3 Cavenaghi sobre el cordob\u00e9s, de 34 a\u00f1os, qued\u00f3 en libertad de acci\u00f3n para negociar su regreso al `millonario`, del que se desvincul\u00f3 en 2001 para una extensa carrera en el exterior.<\/p>\n<p>En la misma sinton\u00eda, el presidente de River, Rodolfo D`Onofrio, en una entrevista con T\u00e9lam el mes pasado, hab\u00eda expresado: \u00abMe gustar\u00eda que vuelva pronto Aimar, despu\u00e9s del Mundial (Brasil 2014) o antes si fuera posible. S\u00e9 que durante mi gesti\u00f3n los \u00eddolos van a volver y tengo razones para creer\u00bb.<\/p>\n<p>Luego sobre su estado f\u00edsico actual, Cavenaghi manifest\u00f3: \u00abMi peso est\u00e1 diez puntos. Estoy en el peso que tengo que estar. Lo que digan los que desconocen del tema, no me llega. Me siento bien y no quiero salir nunca\u00bb.<\/p>\n<p>\u00abRam\u00f3n fue muy importante en mi carrera en River, pero el plantel  est\u00e1 muy agradecido con la nueva dirigencia. Estamos todos muy contentos. River mejor\u00f3 mucho, se nota la diferencia de cuando estaba en el Nacional B\u00bb, grafic\u00f3.<\/p>\n<p>En tanto que del desempe\u00f1o en el certamen Final, Cavenaghi diferenci\u00f3: \u00abLa figura del torneo es el equipo. Por eso estamos peleando. Me hubiera gustado tener m\u00e1s goles\u00bb.<\/p>\n<p>www.telam.com.ar<\/p>\n","protected":false},"excerpt":{"rendered":"<p>22.04.2014 22:28 El capit\u00e1n de River Plate, Fernando Cavenaghi, admiti\u00f3 que le \u201cencantar\u00eda\u201d que Aimar, quien rescindi\u00f3 el lunes su contrato con el Johor de Malasia y es pretendido por el club de N\u00fa\u00f1ez, se retire con la camiseta millonaria. \u00abMe encantar\u00eda que (Pablo) Aimar se retire con esta camiseta\u00bb, reconoci\u00f3 Cavenaghi sobre el cordob\u00e9s, [&hellip;]<\/p>\n","protected":false},"author":1,"featured_media":0,"comment_status":"open","ping_status":"open","sticky":false,"template":"","format":"standard","meta":{"footnotes":""},"categories":[3],"tags":[8821,5285,45],"class_list":["post-39204","post","type-post","status-publish","format-standard","hentry","category-deportes","tag-fernando-cavenaghi","tag-pablo-aimar","tag-river"],"_links":{"self":[{"href":"https:\/\/legislaturahoy.com\/index.php?rest_route=\/wp\/v2\/posts\/39204","targetHints":{"allow":["GET"]}}],"collection":[{"href":"https:\/\/legislaturahoy.com\/index.php?rest_route=\/wp\/v2\/posts"}],"about":[{"href":"https:\/\/legislaturahoy.com\/index.php?rest_route=\/wp\/v2\/types\/post"}],"author":[{"embeddable":true,"href":"https:\/\/legislaturahoy.com\/index.php?rest_route=\/wp\/v2\/users\/1"}],"replies":[{"embeddable":true,"href":"https:\/\/legislaturahoy.com\/index.php?rest_route=%2Fwp%2Fv2%2Fcomments&post=39204"}],"version-history":[{"count":0,"href":"https:\/\/legislaturahoy.com\/index.php?rest_route=\/wp\/v2\/posts\/39204\/revisions"}],"wp:attachment":[{"href":"https:\/\/legislaturahoy.com\/index.php?rest_route=%2Fwp%2Fv2%2Fmedia&parent=39204"}],"wp:term":[{"taxonomy":"category","embeddable":true,"href":"https:\/\/legislaturahoy.com\/index.php?rest_route=%2Fwp%2Fv2%2Fcategories&post=39204"},{"taxonomy":"post_tag","embeddable":true,"href":"https:\/\/legislaturahoy.com\/index.php?rest_route=%2Fwp%2Fv2%2Ftags&post=39204"}],"curies":[{"name":"wp","href":"https:\/\/api.w.org\/{rel}","templated":true}]}}