{"id":47830,"date":"2015-04-14T10:16:15","date_gmt":"2015-04-14T10:16:15","guid":{"rendered":"http:\/\/www.buenosairesdiario.com\/?p=47830"},"modified":"2015-04-14T16:26:39","modified_gmt":"2015-04-14T16:26:39","slug":"el-fmi-confirma-a-la-cepal-recesion-en-el-ultimo-ano-de-cfk","status":"publish","type":"post","link":"https:\/\/legislaturahoy.com\/?p=47830","title":{"rendered":"El FMI confirma a la CEPAL: Recesi\u00f3n en el \u00faltimo a\u00f1o de CFK"},"content":{"rendered":"<p><a href=\"https:\/\/noticiasbaires.com\/wp-content\/uploads\/2011\/09\/fmi-titular.jpg\"><img loading=\"lazy\" decoding=\"async\" src=\"https:\/\/noticiasbaires.com\/wp-content\/uploads\/2011\/09\/fmi-titular-300x197.jpg\" alt=\"\" title=\"fmi titular\" width=\"300\" height=\"197\" class=\"aligncenter size-medium wp-image-15695\" srcset=\"https:\/\/legislaturahoy.com\/wp-content\/uploads\/2011\/09\/fmi-titular-300x197.jpg 300w, https:\/\/legislaturahoy.com\/wp-content\/uploads\/2011\/09\/fmi-titular.jpg 380w\" sizes=\"auto, (max-width: 300px) 100vw, 300px\" \/><\/a>El Fondo Monetario Internacional estim\u00f3 en 0,3% la ca\u00edda de la econom\u00eda este a\u00f1o, adem\u00e1s de un nuevo retroceso \u00abde la inversi\u00f3n y las exportaciones\u00bb. Por otro lado, el FMI pronostic\u00f3 que 2015 terminar\u00e1 con una inflaci\u00f3n anual del 18,6%. Este martes emitir\u00eda su informe final sobre las estad\u00edsticas del INdEC.<\/p>\n<p>El FMI acompa\u00f1a los pron\u00f3sticos de la Comisi\u00f3n Econ\u00f3mica para Am\u00e9rica Latina y el Caribe (CEPAL), que anticip\u00f3 la semana pasada que la econom\u00eda del pa\u00eds permanecer\u00e1 en recesi\u00f3n durante el \u00faltimo a\u00f1o de mandato de Cristina Fern\u00e1ndez.<\/p>\n<p>CIUDAD DE BUENOS AIRES (Urgente24). El Fondo Monetario Internacional (FMI) estim\u00f3 este martes que la Argentina tendr\u00e1 en 2015 una ca\u00edda del 0,3% de su Producto Bruto Interno (PBI) con una \u00abca\u00edda de la inversi\u00f3n y las exportaciones\u00bb. <\/p>\n<p>De esa manera, el organismo acompa\u00f1a los pron\u00f3sticos de la Comisi\u00f3n Econ\u00f3mica para Am\u00e9rica Latina y el Caribe (CEPAL), que anticip\u00f3 la semana pasada que la econom\u00eda del pa\u00eds permanecer\u00e1 en recesi\u00f3n durante el \u00faltimo a\u00f1o de mandato de Cristina Fern\u00e1ndez. <\/p>\n<p>\u00abLas perspectivas econ\u00f3micas de Argentina en 2015 han mejorado desde octubre gracias a la moderaci\u00f3n de las presiones sobre la balanza de pagos, pero aun as\u00ed se prev\u00e9 una ligera contracci\u00f3n del PIB (\u20130,3%)\u00bb, dice el FMI en su informe &#8216;Perspectiva Econ\u00f3mica Mundial&#8217; publicado este 14\/04.<\/p>\n<p>\u00abSe proyecta que en Argentina el crecimiento ser\u00e1 ligeramente negativo en 2015, y que la ca\u00edda de la inversi\u00f3n y las exportaciones se ver\u00e1 compensada en parte por un gasto p\u00fablico m\u00e1s fuerte y un mayor consumo privado\u00bb, agrega.<\/p>\n<p>Por otro lado, el FMI pronostic\u00f3 que 2015 terminar\u00e1 con una inflaci\u00f3n anual del 18,6%. La cifra se ubica mucho m\u00e1s cerca de la estimaci\u00f3n oficial (15%, de acuerdo al Presupuesto), que de las estimaciones privadas, que la sit\u00faan en torno al 25%. <\/p>\n<p>M\u00e1s cercano a ese pron\u00f3stico es la expectiva del organismo para 2016. Entonces el nuevo Gobierno deber\u00e1 lidiar con una inflaci\u00f3n anualizada del 23,3%. <\/p>\n<p>La suba estar\u00eda motorizada por el repunte econ\u00f3mico que, aunque leve, se anticipa para ese a\u00f1o: 0,1%<\/p>\n<p>El informe del FMI incluye estad\u00edsticas de inflaci\u00f3n por primera vez luego de la moci\u00f3n de censura contra el pa\u00eds por las sospechas de falsificaci\u00f3n de datos. <\/p>\n<p>Este mismo martes el directorio del organismo se re\u00fane y se espera que eleve su informe final sobre el seguimiento al saneamiento de las estad\u00edsticas oficiales de la Argentina.<\/p>\n<p>En diciembre \u00faltimo, la directora del Fondo, Christine Lagarde, dijo que si bien  \u00aba\u00fan queda mucho para hacer\u00bb reconoci\u00f3 que \u00abmuchos progresos se han hecho\u00bb en ese sentido a partir del trabajo en conjunto realizado entre el organismo y el Gobierno.<\/p>\n<p>www.urgente24.com<\/p>\n","protected":false},"excerpt":{"rendered":"<p>El Fondo Monetario Internacional estim\u00f3 en 0,3% la ca\u00edda de la econom\u00eda este a\u00f1o, adem\u00e1s de un nuevo retroceso \u00abde la inversi\u00f3n y las exportaciones\u00bb. Por otro lado, el FMI pronostic\u00f3 que 2015 terminar\u00e1 con una inflaci\u00f3n anual del 18,6%. Este martes emitir\u00eda su informe final sobre las estad\u00edsticas del INdEC. El FMI acompa\u00f1a los [&hellip;]<\/p>\n","protected":false},"author":1,"featured_media":0,"comment_status":"open","ping_status":"open","sticky":false,"template":"","format":"standard","meta":{"footnotes":""},"categories":[3,4],"tags":[],"class_list":["post-47830","post","type-post","status-publish","format-standard","hentry","category-deportes","category-politicia"],"_links":{"self":[{"href":"https:\/\/legislaturahoy.com\/index.php?rest_route=\/wp\/v2\/posts\/47830","targetHints":{"allow":["GET"]}}],"collection":[{"href":"https:\/\/legislaturahoy.com\/index.php?rest_route=\/wp\/v2\/posts"}],"about":[{"href":"https:\/\/legislaturahoy.com\/index.php?rest_route=\/wp\/v2\/types\/post"}],"author":[{"embeddable":true,"href":"https:\/\/legislaturahoy.com\/index.php?rest_route=\/wp\/v2\/users\/1"}],"replies":[{"embeddable":true,"href":"https:\/\/legislaturahoy.com\/index.php?rest_route=%2Fwp%2Fv2%2Fcomments&post=47830"}],"version-history":[{"count":0,"href":"https:\/\/legislaturahoy.com\/index.php?rest_route=\/wp\/v2\/posts\/47830\/revisions"}],"wp:attachment":[{"href":"https:\/\/legislaturahoy.com\/index.php?rest_route=%2Fwp%2Fv2%2Fmedia&parent=47830"}],"wp:term":[{"taxonomy":"category","embeddable":true,"href":"https:\/\/legislaturahoy.com\/index.php?rest_route=%2Fwp%2Fv2%2Fcategories&post=47830"},{"taxonomy":"post_tag","embeddable":true,"href":"https:\/\/legislaturahoy.com\/index.php?rest_route=%2Fwp%2Fv2%2Ftags&post=47830"}],"curies":[{"name":"wp","href":"https:\/\/api.w.org\/{rel}","templated":true}]}}