{"id":48554,"date":"2015-05-12T10:14:40","date_gmt":"2015-05-12T10:14:40","guid":{"rendered":"http:\/\/www.buenosairesdiario.com\/?p=48554"},"modified":"2015-05-12T15:15:21","modified_gmt":"2015-05-12T15:15:21","slug":"marcelo-tinelli-me-voy-a-presentar-como-candidato-a-presidente-de-afa-porque-la-ley-me-ampara","status":"publish","type":"post","link":"https:\/\/legislaturahoy.com\/?p=48554","title":{"rendered":"Marcelo Tinelli: \u00abMe voy a presentar como candidato a presidente de AFA porque la ley me ampara\u00bb"},"content":{"rendered":"<p><a href=\"https:\/\/noticiasbaires.com\/wp-content\/uploads\/2015\/05\/tinelli.jpg\"><img loading=\"lazy\" decoding=\"async\" src=\"https:\/\/noticiasbaires.com\/wp-content\/uploads\/2015\/05\/tinelli.jpg\" alt=\"\" title=\"tinelli\" width=\"260\" height=\"173\" class=\"aligncenter size-full wp-image-48555\" \/><\/a>El empresario televisivo confirm\u00f3 que se presentar\u00e1 como candidato aunque aparentemente no cumpla con la antig\u00fcedad que exige el reglamento, ya que \u00e9l considera que est\u00e1 \u00abhabilitado por la ley, algo que respaldan grandes juristas de Argentina\u00bb.<\/p>\n<p> \u00abEstoy habilitado por la ley. Y no lo digo yo, sino grandes juristas de la Argentina. Me gustar\u00eda mucho ser presidente de la AFA y me voy a presentar. Siento que puedo aportar mucho de la experiencia que tom\u00e9 en mis a\u00f1os de gesti\u00f3n en San Lorenzo. Creo que tiene que haber un reordenamiento grande del f\u00fatbol argentino\u00bb, apunt\u00f3 Tinelli.<\/p>\n<p>\u00abAc\u00e1 hay que profesionalizar y enriquecer \u00e1reas. El f\u00fatbol argentino puede mejorar much\u00edsimo y bastante de lo que hicimos en San Lorenzo se puede aplicar en la AFA. Tengo muchas ganas de trabajar en eso\u201d, le asegur\u00f3 al portal Ciudad.com. el vicepresidente del club de Boedo.<\/p>\n<p>Tinelli no cumple en principio con los cuatro a\u00f1os de gesti\u00f3n que estipula el reglamento para presentarse, pero \u00e9l maneja la alternativa de que esto se modifique, aunque para esto necesita 35 votos sobre los 45 que integran el Comit\u00e9 Ejecutivo.<\/p>\n<p>Tambi\u00e9n hay una cuesti\u00f3n de letra fr\u00eda del reglamento seg\u00fan la cual, por una coma en lugar de un punto y coma, podr\u00eda hacer valer su a\u00f1o como Director de Marketing de San Lorenzo, previo a su acceso como vice de Mat\u00edas Lammens. <\/p>\n<p>Fuente: www.telam.com.ar<\/p>\n","protected":false},"excerpt":{"rendered":"<p>El empresario televisivo confirm\u00f3 que se presentar\u00e1 como candidato aunque aparentemente no cumpla con la antig\u00fcedad que exige el reglamento, ya que \u00e9l considera que est\u00e1 \u00abhabilitado por la ley, algo que respaldan grandes juristas de Argentina\u00bb. \u00abEstoy habilitado por la ley. Y no lo digo yo, sino grandes juristas de la Argentina. Me gustar\u00eda [&hellip;]<\/p>\n","protected":false},"author":1,"featured_media":0,"comment_status":"open","ping_status":"open","sticky":false,"template":"","format":"standard","meta":{"footnotes":""},"categories":[3],"tags":[4267,42],"class_list":["post-48554","post","type-post","status-publish","format-standard","hentry","category-deportes","tag-afa","tag-marcelo-tinelli"],"_links":{"self":[{"href":"https:\/\/legislaturahoy.com\/index.php?rest_route=\/wp\/v2\/posts\/48554","targetHints":{"allow":["GET"]}}],"collection":[{"href":"https:\/\/legislaturahoy.com\/index.php?rest_route=\/wp\/v2\/posts"}],"about":[{"href":"https:\/\/legislaturahoy.com\/index.php?rest_route=\/wp\/v2\/types\/post"}],"author":[{"embeddable":true,"href":"https:\/\/legislaturahoy.com\/index.php?rest_route=\/wp\/v2\/users\/1"}],"replies":[{"embeddable":true,"href":"https:\/\/legislaturahoy.com\/index.php?rest_route=%2Fwp%2Fv2%2Fcomments&post=48554"}],"version-history":[{"count":0,"href":"https:\/\/legislaturahoy.com\/index.php?rest_route=\/wp\/v2\/posts\/48554\/revisions"}],"wp:attachment":[{"href":"https:\/\/legislaturahoy.com\/index.php?rest_route=%2Fwp%2Fv2%2Fmedia&parent=48554"}],"wp:term":[{"taxonomy":"category","embeddable":true,"href":"https:\/\/legislaturahoy.com\/index.php?rest_route=%2Fwp%2Fv2%2Fcategories&post=48554"},{"taxonomy":"post_tag","embeddable":true,"href":"https:\/\/legislaturahoy.com\/index.php?rest_route=%2Fwp%2Fv2%2Ftags&post=48554"}],"curies":[{"name":"wp","href":"https:\/\/api.w.org\/{rel}","templated":true}]}}