{"id":72563,"date":"2024-06-03T20:36:22","date_gmt":"2024-06-03T20:36:22","guid":{"rendered":"https:\/\/noticiasbaires.com\/?p=72563"},"modified":"2024-06-03T20:36:22","modified_gmt":"2024-06-03T20:36:22","slug":"ante-el-silencio-de-pettovello-su-numero-dos-desafio-a-la-justicia-no-vamos-a-permitir","status":"publish","type":"post","link":"https:\/\/legislaturahoy.com\/?p=72563","title":{"rendered":"Ante el silencio de Pettovello, su n\u00famero dos desafi\u00f3 a la Justicia: \u00abNo vamos a permitir&#8230;\u00bb"},"content":{"rendered":"\n<p>La subsecretaria legal del ministerio Capital Humano,\u00a0<strong>Leila Gianni<\/strong>, lanz\u00f3\u00a0<strong>una dura advertencia luego de que la Justicia le orden\u00f3 a la cartera a elaborar un plan de distribuci\u00f3n de los alimentos\u00a0<\/strong>almacenados en dep\u00f3sitos ubicados en el Conurbano bonaerense y en Tucum\u00e1n. Fue en medio de los\u00a0<strong>rumores sobre la continuidad de\u00a0Sandra Pettovello\u00a0y las denuncias internas\u00a0<\/strong>contra el funcionario saliente\u00a0<strong>Pablo de la Torre<\/strong>.<\/p>\n\n\n\n<p>Gianni cobr\u00f3 trascendencia en los \u00faltimos d\u00edas no solo porque\u00a0<strong>trabaj\u00f3 en el Ministerio de Ambiente bajo la gesti\u00f3n de Alberto Fern\u00e1ndez y milit\u00f3 por Sergio Massa\u00a0<\/strong>antes de volverse una activa defensora de la actual gesti\u00f3n sino porque algunos dentro del Ejecutivo la mencionaban como posible reemplazo de De la Torre.<\/p>\n\n\n\n<p>La funcionaria elev\u00f3 su perfil en defensa de la pol\u00edtica social del gobierno libertario. Incluso apunt\u00f3 contra las organizaciones sociales y tambi\u00e9n el juez&nbsp;<strong>Sebasti\u00e1n Casanello<\/strong>, quien en los \u00faltimos d\u00edas dispuso el&nbsp;<strong>allanamiento de los galpones que se ubican en Villa Martelli,<\/strong>&nbsp;donde se encuentran almacenados los alimentos.&nbsp;<\/p>\n\n\n\n<p>\u00ab<strong><u>No hab\u00eda alimentos vencidos, s\u00ed pr\u00f3ximos a vencer.&nbsp;<\/u><\/strong>A&nbsp;ra\u00edz de que la ministra tom\u00f3 conocimiento de eso, que eran 400 mil kilos de leche en polvo, se procedi\u00f3 a firmar un convenio con la fundaci\u00f3n CONIN\u00bb, se escud\u00f3 la funcionaria al tiempo que revel\u00f3 que el Ej\u00e9rcito repartir\u00e1 la leche en polvo con vencimiento en julio en 64 centros de asistencia.<\/p>\n\n\n\n<p>En la previa a la audiencia en la sala II de la C\u00e1mara Federal tras la apelaci\u00f3n de la cautelar judicial, la abogada expres\u00f3: \u00abVamos a ir a defender la democracia porque&nbsp;<strong>no vamos a permitir ni que fiscales ni que jueces militantes nos digan c\u00f3mo dise\u00f1ar y ejecutar una pol\u00edtica p\u00fablica<\/strong>\u00ab.<\/p>\n","protected":false},"excerpt":{"rendered":"<p>La subsecretaria legal del ministerio Capital Humano,\u00a0Leila Gianni, lanz\u00f3\u00a0una dura advertencia luego de que la Justicia le orden\u00f3 a la cartera a elaborar un plan de distribuci\u00f3n de los alimentos\u00a0almacenados en dep\u00f3sitos ubicados en el Conurbano bonaerense y en Tucum\u00e1n. Fue en medio de los\u00a0rumores sobre la continuidad de\u00a0Sandra Pettovello\u00a0y las denuncias internas\u00a0contra el funcionario [&hellip;]<\/p>\n","protected":false},"author":1,"featured_media":72564,"comment_status":"closed","ping_status":"closed","sticky":false,"template":"","format":"standard","meta":{"footnotes":""},"categories":[4],"tags":[],"class_list":["post-72563","post","type-post","status-publish","format-standard","has-post-thumbnail","hentry","category-politicia"],"_links":{"self":[{"href":"https:\/\/legislaturahoy.com\/index.php?rest_route=\/wp\/v2\/posts\/72563","targetHints":{"allow":["GET"]}}],"collection":[{"href":"https:\/\/legislaturahoy.com\/index.php?rest_route=\/wp\/v2\/posts"}],"about":[{"href":"https:\/\/legislaturahoy.com\/index.php?rest_route=\/wp\/v2\/types\/post"}],"author":[{"embeddable":true,"href":"https:\/\/legislaturahoy.com\/index.php?rest_route=\/wp\/v2\/users\/1"}],"replies":[{"embeddable":true,"href":"https:\/\/legislaturahoy.com\/index.php?rest_route=%2Fwp%2Fv2%2Fcomments&post=72563"}],"version-history":[{"count":0,"href":"https:\/\/legislaturahoy.com\/index.php?rest_route=\/wp\/v2\/posts\/72563\/revisions"}],"wp:featuredmedia":[{"embeddable":true,"href":"https:\/\/legislaturahoy.com\/index.php?rest_route=\/wp\/v2\/media\/72564"}],"wp:attachment":[{"href":"https:\/\/legislaturahoy.com\/index.php?rest_route=%2Fwp%2Fv2%2Fmedia&parent=72563"}],"wp:term":[{"taxonomy":"category","embeddable":true,"href":"https:\/\/legislaturahoy.com\/index.php?rest_route=%2Fwp%2Fv2%2Fcategories&post=72563"},{"taxonomy":"post_tag","embeddable":true,"href":"https:\/\/legislaturahoy.com\/index.php?rest_route=%2Fwp%2Fv2%2Ftags&post=72563"}],"curies":[{"name":"wp","href":"https:\/\/api.w.org\/{rel}","templated":true}]}}