{"id":72566,"date":"2024-06-05T23:55:24","date_gmt":"2024-06-05T23:55:24","guid":{"rendered":"https:\/\/noticiasbaires.com\/?p=72566"},"modified":"2024-06-05T23:55:25","modified_gmt":"2024-06-05T23:55:25","slug":"milei-confirmo-el-despido-de-50-mil-empleados-publicos-mas-como-seguiran-los-recortes-de-personal-en-el-estado","status":"publish","type":"post","link":"https:\/\/legislaturahoy.com\/?p=72566","title":{"rendered":"Milei confirm\u00f3 el despido de 50 mil empleados p\u00fablicos m\u00e1s: c\u00f3mo seguir\u00e1n los recortes de personal en el Estado"},"content":{"rendered":"\n<p>Al cerrar el acto del Latam Economic Forum, que se realiz\u00f3 en el Sal\u00f3n Golden Mercantil, en Parque Norte, el presidente<strong>\u00a0Javier Milei\u00a0<\/strong>ratific\u00f3 este jueves que avanzar\u00e1 con el\u00a0<strong>\u201cplan motosierra\u201d\u00a0<\/strong>y que el Gobierno va a despedir pr\u00f3ximamente a otros 50 mil empleados p\u00fablicos.<\/p>\n\n\n\n<p>\u201cNo solo que se redujeron a la mitad la cantidad de ministerios; eliminamos las transferencias discrecionales a las provincias, la obra p\u00fablica, los contratos. No solamente eso, sino que una de las cosas que nosotros sab\u00edamos era que el programa iba a generar tensi\u00f3n social y, tambi\u00e9n, una ca\u00edda de la actividad\u201d, reconoci\u00f3 el mandatario nacional.<\/p>\n\n\n\n<p>Ya a fines de marzo, tambi\u00e9n en un evento con empresarios, en ese caso en el IEFA Latam Forum, el l\u00edder libertario destac\u00f3 que en los pocos meses que lleva su gesti\u00f3n, ya se hab\u00eda despedido a miles de trabajadores estatales, y anticip\u00f3 que otros 75 mil estaban en revisi\u00f3n.<\/p>\n\n\n\n<p>De acuerdo con lo que precisaron a<strong>&nbsp;Infobae<\/strong>&nbsp;fuentes oficiales, de esa fecha a la actualidad ya se recort\u00f3 a otras 25 mil personas, por lo que todav\u00eda falta prescindir de aproximadamente unos 50 mil empleados, que en gran parte cumplen funciones en distintos Ministerios.<\/p>\n\n\n\n<p>Seg\u00fan pudo saber este medio, el proceso a trav\u00e9s del cual se va a llevar adelante el recorte ser\u00e1 el mismo que implement\u00f3 el entonces jefe de Gabinete,&nbsp;<strong>Nicol\u00e1s Posse<\/strong>, al comienzo de esta administraci\u00f3n y que ahora continuar\u00e1 su sucesor,&nbsp;<strong>Guillermo Francos<\/strong>.<\/p>\n","protected":false},"excerpt":{"rendered":"<p>Al cerrar el acto del Latam Economic Forum, que se realiz\u00f3 en el Sal\u00f3n Golden Mercantil, en Parque Norte, el presidente\u00a0Javier Milei\u00a0ratific\u00f3 este jueves que avanzar\u00e1 con el\u00a0\u201cplan motosierra\u201d\u00a0y que el Gobierno va a despedir pr\u00f3ximamente a otros 50 mil empleados p\u00fablicos. \u201cNo solo que se redujeron a la mitad la cantidad de ministerios; eliminamos [&hellip;]<\/p>\n","protected":false},"author":1,"featured_media":72567,"comment_status":"closed","ping_status":"closed","sticky":false,"template":"","format":"standard","meta":{"footnotes":""},"categories":[9],"tags":[],"class_list":["post-72566","post","type-post","status-publish","format-standard","has-post-thumbnail","hentry","category-economia"],"_links":{"self":[{"href":"https:\/\/legislaturahoy.com\/index.php?rest_route=\/wp\/v2\/posts\/72566","targetHints":{"allow":["GET"]}}],"collection":[{"href":"https:\/\/legislaturahoy.com\/index.php?rest_route=\/wp\/v2\/posts"}],"about":[{"href":"https:\/\/legislaturahoy.com\/index.php?rest_route=\/wp\/v2\/types\/post"}],"author":[{"embeddable":true,"href":"https:\/\/legislaturahoy.com\/index.php?rest_route=\/wp\/v2\/users\/1"}],"replies":[{"embeddable":true,"href":"https:\/\/legislaturahoy.com\/index.php?rest_route=%2Fwp%2Fv2%2Fcomments&post=72566"}],"version-history":[{"count":0,"href":"https:\/\/legislaturahoy.com\/index.php?rest_route=\/wp\/v2\/posts\/72566\/revisions"}],"wp:featuredmedia":[{"embeddable":true,"href":"https:\/\/legislaturahoy.com\/index.php?rest_route=\/wp\/v2\/media\/72567"}],"wp:attachment":[{"href":"https:\/\/legislaturahoy.com\/index.php?rest_route=%2Fwp%2Fv2%2Fmedia&parent=72566"}],"wp:term":[{"taxonomy":"category","embeddable":true,"href":"https:\/\/legislaturahoy.com\/index.php?rest_route=%2Fwp%2Fv2%2Fcategories&post=72566"},{"taxonomy":"post_tag","embeddable":true,"href":"https:\/\/legislaturahoy.com\/index.php?rest_route=%2Fwp%2Fv2%2Ftags&post=72566"}],"curies":[{"name":"wp","href":"https:\/\/api.w.org\/{rel}","templated":true}]}}