{"id":72569,"date":"2024-06-05T23:57:15","date_gmt":"2024-06-05T23:57:15","guid":{"rendered":"https:\/\/noticiasbaires.com\/?p=72569"},"modified":"2024-06-05T23:57:15","modified_gmt":"2024-06-05T23:57:15","slug":"el-gobierno-adelanto-que-registrara-el-primer-deficit-de-la-era-milei-en-junio-por-el-pago-de-aguinaldos","status":"publish","type":"post","link":"https:\/\/legislaturahoy.com\/?p=72569","title":{"rendered":"El Gobierno adelant\u00f3 que registrar\u00e1 el primer d\u00e9ficit de la era Milei en junio por el pago de aguinaldos"},"content":{"rendered":"\n<p>Luego de registrar\u00a0<strong>super\u00e1vit financiero<\/strong>\u00a0en los primeros meses del a\u00f1o, el\u00a0<strong>Gobierno<\/strong>\u00a0se prepara para reportar en el mes de<strong>\u00a0junio el primer rojo en las cuentas p\u00fablicas de la era\u00a0Milei.<\/strong>\u00a0El propio mandatario explic\u00f3 los motivos del \u00abimpasse\u00bb en los n\u00fameros positivos del Sector P\u00fablico.<\/p>\n\n\n\n<p>Desde su llegada al Poder Ejecutivo, el ajuste aplicado sobre el grueso de las partidas presupuestarias de la administraci\u00f3n nacional decant\u00f3 en un&nbsp;<strong>resultado favorable acumulado al mes de abril de unos $1.5 billones<\/strong>. El principal recorte se llevo adelante en los gastos previsionales, es decir, las jubilaciones, sumado a las transferencias a las provincias y el congelamiento del pago a energ\u00e9ticas.Informate m\u00e1s<\/p>\n\n\n\n<p>Sebasti\u00e1n Casanello y el Gobierno deber\u00e1 presentar un plan de distribuci\u00f3n de alimentos<\/p>\n\n\n\n<p>El super\u00e1vit logrado por el Gobierno le vali\u00f3 al ministro de Econom\u00eda,&nbsp;<strong>Luis Caputo,<\/strong>&nbsp;recibir el mote de&nbsp;<strong>\u00abchanchito de yeso\u00bb&nbsp;<\/strong>por parte del libertario, dado que, seg\u00fan dijo, \u201cpara sacarle un mango hay que romperlo todo\u201d.<\/p>\n\n\n\n<figure class=\"wp-block-image\"><img decoding=\"async\" src=\"https:\/\/media.ambito.com\/p\/7b33c1413d7ec254cdb79ee6665517ed\/adjuntos\/239\/imagenes\/041\/565\/0041565106\/730x0\/smart\/javier-mileijpeg.jpeg\" alt=\"\" title=\"\"\/><\/figure>\n\n\n\n<h2 class=\"wp-block-heading\">El Gobierno admite que junio cerrar\u00e1 con d\u00e9ficit: los motivos<\/h2>\n\n\n\n<p>Pero en la administraci\u00f3n nacional reconocen que por delante deber\u00e1n afrontar el&nbsp;<strong>primer rojo en las cuentas p\u00fablicas<\/strong>. El mismo&nbsp;<strong>Milei<\/strong>&nbsp;lo adelant\u00f3 este mi\u00e9rcoles durante la presentaci\u00f3n en el&nbsp;<strong>Latam Economic Forum&nbsp;<\/strong>que tuvo lugar en el Complejo Parque Norte.<\/p>\n\n\n\n<p>\u00abLos n\u00fameros de mayo ya saben que vienen muy bien\u00bb, dijo en primer lugar ante los asistentes al evento. Sin embargo, reconoci\u00f3 que<strong>&nbsp;junio ser\u00e1 \u00abdeficitario\u00bb principalmente \u00abpor el tema de los pagos de aguinaldo\u00bb.<\/strong><\/p>\n\n\n\n<p>De todas maneras, asegur\u00f3 que cuando termine el semestre, el acumulado de los seis meses juntos<strong>&nbsp;\u00abva a haber super\u00e1vit porque todo lo que juntamos hasta ahora m\u00e1s que supera lo que vamos a tener de d\u00e9ficit en junio\u00bb.<\/strong><\/p>\n\n\n\n<h2 class=\"wp-block-heading\">El Ejecutivo incrementar\u00e1 las partidas presupuestarias afrontar gastos<\/h2>\n\n\n\n<p>Mientras tanto, el Gobierno se prepara para implementar una<strong>&nbsp;nueva modificaci\u00f3n del presupuesto vigente<\/strong>&nbsp;con la reasignaci\u00f3n de fondos para afrontar los pr\u00f3ximos meses, donde se esperan mayores erogaciones por salarios de&nbsp;<strong>empleados p\u00fablicos, aguinaldos, partidas alimentarias,<\/strong>&nbsp;la reversi\u00f3n del&nbsp;<strong>gasoducto del norte<\/strong>&nbsp;y la compra de los&nbsp;<strong>aviones a Dinamarca.<\/strong><\/p>\n\n\n\n<p>Seg\u00fan inform\u00f3 el diario Clar\u00edn, el Ejecutivo autorizar\u00e1 un incremento en el c\u00e1lculo de recursos por $123.270 millones y un aumento de gastos por $274.690 millones. El pago de sueldos en junio y deposito del salario anual complementario en julio insumir\u00e1n una buena porci\u00f3n de los egresos estimados.<\/p>\n\n\n\n<p>Cabe recordar que a los pocos d\u00edas de asumir, el presidente&nbsp;<strong>Javier Milei<\/strong>&nbsp;gener\u00f3 incertidumbre entre los empleados p\u00fablicos al poner en duda el pago del aguinaldo, pese a que en aquel momento la administraci\u00f3n saliente de&nbsp;<strong>Alberto Fern\u00e1ndez<\/strong>&nbsp;hab\u00eda dispuesto las partidas de fondos para afrontar los pagos.<\/p>\n\n\n\n<p>\u201c<strong>Si recaudamos 100, no vamos a gastar 120. No vamos a gastar m\u00e1s de 100. Recortar\u00e1n lo que tienen que recortar\u00bb, dijo respecto de los gastos que deb\u00eda afrontar el Sector P\u00fablico Nacional como tambi\u00e9n las provincias. Y apunt\u00f3 contra el expresidente: \u00ab<\/strong>Alberto se va a desligar de eso, eso es algo que tengo que enfrentar pero hay que ir al equilibrio fiscal. En el primer a\u00f1o queremos alcanzar el equilibrio fiscal y eso no es negociable\u201d.<\/p>\n","protected":false},"excerpt":{"rendered":"<p>Luego de registrar\u00a0super\u00e1vit financiero\u00a0en los primeros meses del a\u00f1o, el\u00a0Gobierno\u00a0se prepara para reportar en el mes de\u00a0junio el primer rojo en las cuentas p\u00fablicas de la era\u00a0Milei.\u00a0El propio mandatario explic\u00f3 los motivos del \u00abimpasse\u00bb en los n\u00fameros positivos del Sector P\u00fablico. Desde su llegada al Poder Ejecutivo, el ajuste aplicado sobre el grueso de las [&hellip;]<\/p>\n","protected":false},"author":1,"featured_media":72570,"comment_status":"closed","ping_status":"closed","sticky":false,"template":"","format":"standard","meta":{"footnotes":""},"categories":[9],"tags":[],"class_list":["post-72569","post","type-post","status-publish","format-standard","has-post-thumbnail","hentry","category-economia"],"_links":{"self":[{"href":"https:\/\/legislaturahoy.com\/index.php?rest_route=\/wp\/v2\/posts\/72569","targetHints":{"allow":["GET"]}}],"collection":[{"href":"https:\/\/legislaturahoy.com\/index.php?rest_route=\/wp\/v2\/posts"}],"about":[{"href":"https:\/\/legislaturahoy.com\/index.php?rest_route=\/wp\/v2\/types\/post"}],"author":[{"embeddable":true,"href":"https:\/\/legislaturahoy.com\/index.php?rest_route=\/wp\/v2\/users\/1"}],"replies":[{"embeddable":true,"href":"https:\/\/legislaturahoy.com\/index.php?rest_route=%2Fwp%2Fv2%2Fcomments&post=72569"}],"version-history":[{"count":0,"href":"https:\/\/legislaturahoy.com\/index.php?rest_route=\/wp\/v2\/posts\/72569\/revisions"}],"wp:featuredmedia":[{"embeddable":true,"href":"https:\/\/legislaturahoy.com\/index.php?rest_route=\/wp\/v2\/media\/72570"}],"wp:attachment":[{"href":"https:\/\/legislaturahoy.com\/index.php?rest_route=%2Fwp%2Fv2%2Fmedia&parent=72569"}],"wp:term":[{"taxonomy":"category","embeddable":true,"href":"https:\/\/legislaturahoy.com\/index.php?rest_route=%2Fwp%2Fv2%2Fcategories&post=72569"},{"taxonomy":"post_tag","embeddable":true,"href":"https:\/\/legislaturahoy.com\/index.php?rest_route=%2Fwp%2Fv2%2Ftags&post=72569"}],"curies":[{"name":"wp","href":"https:\/\/api.w.org\/{rel}","templated":true}]}}