{"id":72578,"date":"2024-06-06T22:54:36","date_gmt":"2024-06-06T22:54:36","guid":{"rendered":"https:\/\/noticiasbaires.com\/?p=72578"},"modified":"2024-06-06T22:54:36","modified_gmt":"2024-06-06T22:54:36","slug":"la-reaccion-de-milei-no-alcanzo-para-calmar-al-mercado-y-volvieron-a-bajar-con-fuerza-los-activos-argentinos","status":"publish","type":"post","link":"https:\/\/legislaturahoy.com\/?p=72578","title":{"rendered":"La reacci\u00f3n de Milei no alcanz\u00f3 para calmar al mercado y volvieron a bajar con fuerza los activos argentinos"},"content":{"rendered":"\n<p>Las crecientes tensiones pol\u00edticas entre el Gobierno de Javier Milei y el Congreso, luego de que diputados de la oposici\u00f3n dieran media sanci\u00f3n a un aumento en las jubilaciones, transform\u00f3 el mal clima con que el mercado cerr\u00f3 la semana pasada en una tormenta de final por ahora incierto.\u00a0<strong>El fuerte embate del Presidente contra los legisladores\u00a0<\/strong>y, sobre todo, su mensaje de que que vetar\u00e1 cualquier proyecto que arriesgue el equilibrio fiscal\u00a0<strong>no fue suficiente para apaciguar a los mercados<\/strong>, donde se registr\u00f3 otra jornada de fuerte tensi\u00f3n con pronunciadas ca\u00eddas en los t\u00edtulos de la deuda soberana.<\/p>\n\n\n\n<p>Aunque el d\u00f3lar libre y financiero se mantuvo estable, incluso con leve tendencia a la baja en sus variantes burs\u00e1tiles, los bonos anotaron retrocesos promedios de 3% -tras caer 5% para luego recortar- mientras que tambi\u00e9n las acciones cayeron por quinta rueda consecutiva de manera generalizada. El riesgo pa\u00eds, en tanto, se acerca ahora a los 1.600 puntos b\u00e1sicos.<\/p>\n\n\n\n<p>La nueva f\u00f3rmula jubilatoria que implicar\u00eda un aumento del gasto de aproximadamente 0,4 puntos porcentuales del PIB fue categ\u00f3ricamente rechazada por el oficialismo y ser\u00eda vetada, seg\u00fan se anunci\u00f3, porque atenta sobre el equilibrio fiscal. Adem\u00e1s del \u00e9nfasis puesto por Milei en esa decisi\u00f3n, el jefe de Gabinete,\u00a0<strong>Guillermo Francos<\/strong>, se ocup\u00f3 en remarcar que si el Congreso insistiera en la norma,\u00a0<strong>se recortar\u00e1n otras partidas<\/strong>\u00a0para sostener el super\u00e1vit fiscal. Pero el temor de los mercados ahora va m\u00e1s all\u00e1 del proyecto de las jubilaciones y se teme tambi\u00e9n por\u00a0<strong>el empantanamiento definitivo de la Ley Bases<\/strong>, lo que determinar\u00eda la incapacidad del Gobierno para avanzar en una agenda de reformas.<\/p>\n","protected":false},"excerpt":{"rendered":"<p>Las crecientes tensiones pol\u00edticas entre el Gobierno de Javier Milei y el Congreso, luego de que diputados de la oposici\u00f3n dieran media sanci\u00f3n a un aumento en las jubilaciones, transform\u00f3 el mal clima con que el mercado cerr\u00f3 la semana pasada en una tormenta de final por ahora incierto.\u00a0El fuerte embate del Presidente contra los [&hellip;]<\/p>\n","protected":false},"author":1,"featured_media":72579,"comment_status":"closed","ping_status":"closed","sticky":false,"template":"","format":"standard","meta":{"footnotes":""},"categories":[4],"tags":[],"class_list":["post-72578","post","type-post","status-publish","format-standard","has-post-thumbnail","hentry","category-politicia"],"_links":{"self":[{"href":"https:\/\/legislaturahoy.com\/index.php?rest_route=\/wp\/v2\/posts\/72578","targetHints":{"allow":["GET"]}}],"collection":[{"href":"https:\/\/legislaturahoy.com\/index.php?rest_route=\/wp\/v2\/posts"}],"about":[{"href":"https:\/\/legislaturahoy.com\/index.php?rest_route=\/wp\/v2\/types\/post"}],"author":[{"embeddable":true,"href":"https:\/\/legislaturahoy.com\/index.php?rest_route=\/wp\/v2\/users\/1"}],"replies":[{"embeddable":true,"href":"https:\/\/legislaturahoy.com\/index.php?rest_route=%2Fwp%2Fv2%2Fcomments&post=72578"}],"version-history":[{"count":0,"href":"https:\/\/legislaturahoy.com\/index.php?rest_route=\/wp\/v2\/posts\/72578\/revisions"}],"wp:featuredmedia":[{"embeddable":true,"href":"https:\/\/legislaturahoy.com\/index.php?rest_route=\/wp\/v2\/media\/72579"}],"wp:attachment":[{"href":"https:\/\/legislaturahoy.com\/index.php?rest_route=%2Fwp%2Fv2%2Fmedia&parent=72578"}],"wp:term":[{"taxonomy":"category","embeddable":true,"href":"https:\/\/legislaturahoy.com\/index.php?rest_route=%2Fwp%2Fv2%2Fcategories&post=72578"},{"taxonomy":"post_tag","embeddable":true,"href":"https:\/\/legislaturahoy.com\/index.php?rest_route=%2Fwp%2Fv2%2Ftags&post=72578"}],"curies":[{"name":"wp","href":"https:\/\/api.w.org\/{rel}","templated":true}]}}