{"id":72627,"date":"2024-07-01T19:33:43","date_gmt":"2024-07-01T19:33:43","guid":{"rendered":"https:\/\/noticiasbaires.com\/?p=72627"},"modified":"2024-07-01T19:33:43","modified_gmt":"2024-07-01T19:33:43","slug":"avanza-el-desguace-de-telam-deja-de-operar-como-agencia-de-noticias-y-trasladan-empleados","status":"publish","type":"post","link":"https:\/\/legislaturahoy.com\/?p=72627","title":{"rendered":"<strong>Avanza el desguace de T\u00e9lam, deja de operar como agencia de noticias y trasladan empleados<\/strong>"},"content":{"rendered":"\n<p>El gobierno de Javier Milei oficializ\u00f3 la conversi\u00f3n de T\u00e9lam en una agencia de publicidad, mientras define el pase de unos 150 empleados a los otros medios p\u00fablicos.<\/p>\n\n\n\n<p>A trav\u00e9s de un decreto publicado en el Bolet\u00edn Oficial, el gobierno dispuso la transformaci\u00f3n de T\u00e9lam en la nueva Agencia de Publicidad del Estado Sociedad An\u00f3nima Unipersonal, que funcionara bajo la \u00f3rbita de la Jefatura de Gabinete.<\/p>\n\n\n\n<p>LPO&nbsp;<strong>DAILY<\/strong>SUSCRIBITE<\/p>\n\n\n\n<p>Al suscribirte aceptar\u00e1s recibir el newsletter o las alertas de La Pol\u00edtica Online. Te pod\u00e9s desuscribir cuando quieras<\/p>\n\n\n\n<p>\u00abT\u00e9lam dejar\u00e1 de operar, tal como ha sido creada originalmente, en las actividades de servicios period\u00edsticos y como Agencia de Noticias\u00bb, sostiene el decreto, que agrega que a partir de ahora operar\u00e1 \u00abcomo Agencia de Publicidad y Propaganda, concentrando los recursos de la empresa en aquella \u00e1rea que ofrece mayores oportunidades de crecimiento y rentabilidad a largo plazo\u00bb.<\/p>\n\n\n\n<p>La nueva APE&nbsp;\u00abtendr\u00e1 por objeto operar como Agencia de Publicidad y Propaganda, entendiendo en la elaboraci\u00f3n, producci\u00f3n, comercializaci\u00f3n y distribuci\u00f3n de material publicitario nacional y\/o internacional\u00bb, dice el decreto.&nbsp;<\/p>\n\n\n\n<p>En T\u00e9lam funcionaba un \u00e1rea destinada al manejo de la publicidad oficial del gobierno nacional y la idea siempre fue mantenerla, a pesar de que Milei dice que ya no hay pauta oficial. En ese \u00e1rea trabajaban unos 90 empleados que continuar\u00e1n en la nueva APE, que se instalar\u00eda en uno de los dos edificios que la agencia tiene en el centro porte\u00f1o.<\/p>\n\n\n\n<p>El decreto publicado en el BO faculta al interventor de T\u00e9lam a \u00abtransferir a medios p\u00fablicos y\/o a terceros, dentro de la \u00f3rbita que se determine, los servicios period\u00edsticos y de Agencia de Noticias, el personal, los bienes muebles e inmuebles, marcas, registros, patentes y dem\u00e1s bienes inmateriales\u00bb.<\/p>\n\n\n\n<p>Ese es el p\u00e1rrafo que confirma la idea del gobierno de pasar a la \u00f3rbita de Radio y Televisi\u00f3n Argentina (RTA) a parte de los empleados que no aceptaron el retiro voluntario.&nbsp;<\/p>\n\n\n\n<p>De acuerdo a los trascendidos en la agencia ser\u00edan unos 150 empleados los que podr\u00edan pasar a RTA, mientras que alrededor de 350 aceptaron el retiro voluntario.<\/p>\n\n\n\n<p>Lo que no est\u00e1 claro si esas personas cumplir\u00edan funciones dentro de la estructura de RTA o si el gobierno avanzar\u00e1 con la creaci\u00f3n de un servicio de noticias para los medios que cumplir\u00eda una parte de las funciones que ten\u00eda T\u00e9lam, una versi\u00f3n que se instal\u00f3 muy fuerte en los \u00faltimos d\u00edas.<\/p>\n","protected":false},"excerpt":{"rendered":"<p>El gobierno de Javier Milei oficializ\u00f3 la conversi\u00f3n de T\u00e9lam en una agencia de publicidad, mientras define el pase de unos 150 empleados a los otros medios p\u00fablicos. A trav\u00e9s de un decreto publicado en el Bolet\u00edn Oficial, el gobierno dispuso la transformaci\u00f3n de T\u00e9lam en la nueva Agencia de Publicidad del Estado Sociedad An\u00f3nima [&hellip;]<\/p>\n","protected":false},"author":1,"featured_media":72628,"comment_status":"closed","ping_status":"closed","sticky":false,"template":"","format":"standard","meta":{"footnotes":""},"categories":[9],"tags":[],"class_list":["post-72627","post","type-post","status-publish","format-standard","has-post-thumbnail","hentry","category-economia"],"_links":{"self":[{"href":"https:\/\/legislaturahoy.com\/index.php?rest_route=\/wp\/v2\/posts\/72627","targetHints":{"allow":["GET"]}}],"collection":[{"href":"https:\/\/legislaturahoy.com\/index.php?rest_route=\/wp\/v2\/posts"}],"about":[{"href":"https:\/\/legislaturahoy.com\/index.php?rest_route=\/wp\/v2\/types\/post"}],"author":[{"embeddable":true,"href":"https:\/\/legislaturahoy.com\/index.php?rest_route=\/wp\/v2\/users\/1"}],"replies":[{"embeddable":true,"href":"https:\/\/legislaturahoy.com\/index.php?rest_route=%2Fwp%2Fv2%2Fcomments&post=72627"}],"version-history":[{"count":0,"href":"https:\/\/legislaturahoy.com\/index.php?rest_route=\/wp\/v2\/posts\/72627\/revisions"}],"wp:featuredmedia":[{"embeddable":true,"href":"https:\/\/legislaturahoy.com\/index.php?rest_route=\/wp\/v2\/media\/72628"}],"wp:attachment":[{"href":"https:\/\/legislaturahoy.com\/index.php?rest_route=%2Fwp%2Fv2%2Fmedia&parent=72627"}],"wp:term":[{"taxonomy":"category","embeddable":true,"href":"https:\/\/legislaturahoy.com\/index.php?rest_route=%2Fwp%2Fv2%2Fcategories&post=72627"},{"taxonomy":"post_tag","embeddable":true,"href":"https:\/\/legislaturahoy.com\/index.php?rest_route=%2Fwp%2Fv2%2Ftags&post=72627"}],"curies":[{"name":"wp","href":"https:\/\/api.w.org\/{rel}","templated":true}]}}