{"id":72674,"date":"2024-07-16T20:30:59","date_gmt":"2024-07-16T20:30:59","guid":{"rendered":"https:\/\/noticiasbaires.com\/?p=72674"},"modified":"2024-07-16T20:30:59","modified_gmt":"2024-07-16T20:30:59","slug":"bcra-vendio-dolares-por-primera-vez-en-siete-ruedas-y-reservas-cayeron-fuerte-a-minimos-desde-abril","status":"publish","type":"post","link":"https:\/\/legislaturahoy.com\/?p=72674","title":{"rendered":"<a href=\"https:\/\/www.ambito.com\/finanzas\/bcra-vendio-dolares-primera-vez-siete-ruedas-y-reservas-cayeron-fuerte-minimos-abril-n6032915\">BCRA vendi\u00f3 d\u00f3lares por primera vez en siete ruedas y reservas cayeron fuerte a m\u00ednimos desde abril<\/a>"},"content":{"rendered":"\n<p>El&nbsp;<strong>Banco Central (BCRA) vendi\u00f3 u$s3 millones este martes,<\/strong>&nbsp;con lo cual en este caso<strong>&nbsp;no tendr\u00e1 poder de fuego para intervenir en los tipos de cambio financieros y as\u00ed bajar la brecha.<\/strong><\/p>\n\n\n\n<p>Vale recordar que el fin de semana el Gobierno comunic\u00f3 que la autoridad monetaria comenzar\u00e1 a absorver el equivalente a los pesos que emite cada vez que compra divisas en el mercado oficial, a trav\u00e9s de la venta de d\u00f3lares en el CCL.<\/p>\n\n\n\n<p>El lunes la entidad que conduce Santiago Bausili compr\u00f3 u$s36 millones por lo que, para esterilizar los pesos emitidos por esa operaci\u00f3n, debi\u00f3 vender en la plaza del d\u00f3lar CCL unos u$s25,2 millones.<\/p>\n\n\n\n<p>Mientras tanto, las&nbsp;<strong>reservas brutas internacionales sufrieron una ca\u00edda de u$s599 millones<\/strong>&nbsp;y finalizaron la jornada en los&nbsp;<strong>u$s27.613 millones, el nivel m\u00e1s bajo desde el 30 de abril<\/strong>. La merma estuvo vinculada a un&nbsp;<strong>pago programado de u$s640 millones con el Fondo Monetario Internacional (FMI)<\/strong>.<\/p>\n\n\n\n<h2 class=\"wp-block-heading\"><strong>A cu\u00e1nto opera el d\u00f3lar oficial hoy, martes 16 de julio<\/strong><\/h2>\n\n\n\n<p>En el mercado oficial de cambios, el&nbsp;<strong>d\u00f3lar mayorista cerr\u00f3<\/strong>&nbsp;a&nbsp;<strong>$920,50\/923,50 por unidad<\/strong>, cincuenta centavos arriba del cierre del lunes.<\/p>\n\n\n\n<p><strong>En los dos primeros d\u00edas de esta semana el tipo de cambio mayorista subi\u00f3 $2<\/strong>, contra $1,50 de aumento en id\u00e9ntico lapso de la semana anterior.<\/p>\n\n\n\n<h2 class=\"wp-block-heading\">A cu\u00e1nto se negocia el d\u00f3lar futuro hoy, martes 16 de julio<\/h2>\n\n\n\n<p>En los contratos de d\u00f3lar futuro,&nbsp;<strong>la cotizaci\u00f3n rebot\u00f3 a lo largo de toda la curva.<\/strong>&nbsp;Hacia agosto, subi\u00f3 0,3% a $976,5, para octubre avanz\u00f3 0,6% a $1.061,0 y en diciembre se ubic\u00f3 a $1.169.<\/p>\n\n\n\n<h2 class=\"wp-block-heading\"><strong>A cu\u00e1nto se vende el d\u00f3lar blue hoy, martes 16 de julio<\/strong><\/h2>\n\n\n\n<p>El&nbsp;<strong><a href=\"https:\/\/www.ambito.com\/contenidos\/dolar-informal.html\" target=\"_blank\" rel=\"noreferrer noopener\">d\u00f3lar blue<\/a>&nbsp;cerr\u00f3<\/strong>&nbsp;en<strong>&nbsp;$1.405 para la venta,<\/strong>&nbsp;seg\u00fan un relevamiento de&nbsp;<strong>\u00c1mbito<\/strong>&nbsp;en las cuevas de la City, luego de llegar a cotizar en los $1.395 durante las primeras horas del martes.<\/p>\n\n\n\n<h2 class=\"wp-block-heading\"><strong>A cu\u00e1nto cotiza el d\u00f3lar MEP hoy,<\/strong><strong>&nbsp;martes 16 de julio<\/strong><\/h2>\n\n\n\n<p>El&nbsp;<strong>d\u00f3lar MEP<\/strong>&nbsp;opera a&nbsp;<strong>$1.295,08&nbsp;<\/strong>por lo que la brecha con el oficial se ubica en 40,2%.<\/p>\n\n\n\n<h2 class=\"wp-block-heading\"><strong>Valor del d\u00f3lar CCL hoy, martes 16 de julio<\/strong><\/h2>\n\n\n\n<p>El&nbsp;<strong>d\u00f3lar<\/strong><strong>&nbsp;Contado con Liquidaci\u00f3n&nbsp;<\/strong>(<strong><a href=\"https:\/\/www.ambito.com\/contenidos\/dolar-cl.html\" target=\"_blank\" rel=\"noreferrer noopener\">CCL<\/a><\/strong>) cotiza a&nbsp;<strong>$1297,71 y&nbsp;<\/strong>el&nbsp;<strong>spread<\/strong>&nbsp;con el oficial se ubica en el 36,64%<strong>.<\/strong><\/p>\n\n\n\n<h2 class=\"wp-block-heading\"><strong>Precio del d\u00f3lar tarjeta hoy,<\/strong><strong>&nbsp;martes 16 de julio<\/strong><\/h2>\n\n\n\n<p>El<strong>&nbsp;<a href=\"https:\/\/www.ambito.com\/contenidos\/dolar-turista.html\" target=\"_blank\" rel=\"noreferrer noopener\">d\u00f3lar tarjeta o turista<\/a><\/strong>, y el&nbsp;<strong><a href=\"https:\/\/www.ambito.com\/contenidos\/dolar-solidario.html\" target=\"_blank\" rel=\"noreferrer noopener\">d\u00f3lar ahorro<\/a><\/strong>&nbsp;(o&nbsp;<strong>solidario<\/strong>) se ubica a&nbsp;<strong>$1.505,60<\/strong><strong>.<\/strong><\/p>\n\n\n\n<h2 class=\"wp-block-heading\">Cotizaci\u00f3n del d\u00f3lar cripto hoy,<strong>&nbsp;martes 16 de julio<\/strong><\/h2>\n\n\n\n<p>El&nbsp;<strong>d\u00f3lar cripto o<\/strong>&nbsp;<strong>d\u00f3lar Bitcoin<\/strong>&nbsp;opera a&nbsp;<strong>$1.351,53<\/strong>, seg\u00fan&nbsp;<strong>Bitso<\/strong>.<\/p>\n","protected":false},"excerpt":{"rendered":"<p>El&nbsp;Banco Central (BCRA) vendi\u00f3 u$s3 millones este martes,&nbsp;con lo cual en este caso&nbsp;no tendr\u00e1 poder de fuego para intervenir en los tipos de cambio financieros y as\u00ed bajar la brecha. Vale recordar que el fin de semana el Gobierno comunic\u00f3 que la autoridad monetaria comenzar\u00e1 a absorver el equivalente a los pesos que emite cada [&hellip;]<\/p>\n","protected":false},"author":1,"featured_media":72675,"comment_status":"closed","ping_status":"closed","sticky":false,"template":"","format":"standard","meta":{"footnotes":""},"categories":[9],"tags":[],"class_list":["post-72674","post","type-post","status-publish","format-standard","has-post-thumbnail","hentry","category-economia"],"_links":{"self":[{"href":"https:\/\/legislaturahoy.com\/index.php?rest_route=\/wp\/v2\/posts\/72674","targetHints":{"allow":["GET"]}}],"collection":[{"href":"https:\/\/legislaturahoy.com\/index.php?rest_route=\/wp\/v2\/posts"}],"about":[{"href":"https:\/\/legislaturahoy.com\/index.php?rest_route=\/wp\/v2\/types\/post"}],"author":[{"embeddable":true,"href":"https:\/\/legislaturahoy.com\/index.php?rest_route=\/wp\/v2\/users\/1"}],"replies":[{"embeddable":true,"href":"https:\/\/legislaturahoy.com\/index.php?rest_route=%2Fwp%2Fv2%2Fcomments&post=72674"}],"version-history":[{"count":0,"href":"https:\/\/legislaturahoy.com\/index.php?rest_route=\/wp\/v2\/posts\/72674\/revisions"}],"wp:featuredmedia":[{"embeddable":true,"href":"https:\/\/legislaturahoy.com\/index.php?rest_route=\/wp\/v2\/media\/72675"}],"wp:attachment":[{"href":"https:\/\/legislaturahoy.com\/index.php?rest_route=%2Fwp%2Fv2%2Fmedia&parent=72674"}],"wp:term":[{"taxonomy":"category","embeddable":true,"href":"https:\/\/legislaturahoy.com\/index.php?rest_route=%2Fwp%2Fv2%2Fcategories&post=72674"},{"taxonomy":"post_tag","embeddable":true,"href":"https:\/\/legislaturahoy.com\/index.php?rest_route=%2Fwp%2Fv2%2Ftags&post=72674"}],"curies":[{"name":"wp","href":"https:\/\/api.w.org\/{rel}","templated":true}]}}