{"id":72677,"date":"2024-07-16T20:32:24","date_gmt":"2024-07-16T20:32:24","guid":{"rendered":"https:\/\/noticiasbaires.com\/?p=72677"},"modified":"2024-07-16T20:32:24","modified_gmt":"2024-07-16T20:32:24","slug":"kravetz-y-una-polemica-propuesta-hacia-las-personas-en-situacion-de-calle-pidio-a-los-vecinos-no-darles-de-comer","status":"publish","type":"post","link":"https:\/\/legislaturahoy.com\/?p=72677","title":{"rendered":"Kravetz y una pol\u00e9mica propuesta hacia las personas en situaci\u00f3n de calle: pidi\u00f3 a los vecinos no darles de comer"},"content":{"rendered":"\n<p><strong>El secretario de Seguridad porte\u00f1o asegur\u00f3: \u00abSi le das comida a una persona que vive en la calle, lo acomod\u00e1s en la pobreza y es un circuito no virtuoso\u00bb.<\/strong><\/p>\n\n\n\n<p><strong>El secretario de Seguridad de la Ciudad de Buenos Aires, Diego Kravetz,\u00a0<\/strong>fue cuestionado en las \u00faltimas horas, luego de que pidiera a los vecinos no darles de comer a las personas en situaci\u00f3n de calle: \u00ab<strong>Si le das comida a una persona que vive en la calle, lo acomodas en la pobreza y es un circuito no virtuoso\u00bb.<\/strong><\/p>\n\n\n\n<p>En una entrevista con Futurock, Kravetz se refiri\u00f3 a los vecinos que le pueden ofrecer un plato de sopa a aquellas personas que viven en situaci\u00f3n de calle. \u00abNo estoy de acuerdo a que vos bajes de tu casa con la comida para darle a la persona en situaci\u00f3n de casa porque<strong>\u00a0lo acomodas en la pobreza<\/strong>\u00ab, asegur\u00f3.<\/p>\n\n\n\n<p>Sumado a eso, el secretario de Seguridad porte\u00f1o explic\u00f3: \u00abEn la Ciudad, hay un tema convivencial en donde<strong>&nbsp;tratamos de darle una vuelta de tuerca<\/strong>, la situaci\u00f3n de calle es una situaci\u00f3n muy penosa y romantizarla es hacer pobrismo\u00bb.<\/p>\n\n\n\n<p>Asimismo agreg\u00f3: \u00abHay distintos tipos de personas en situaci\u00f3n de calle, los que son complicados son los que hacen rancheadas porque&nbsp;<strong>suelen hacer cosas il\u00edcitas<\/strong>\u00ab. Y aclar\u00f3: \u00ab<strong>Hay un mont\u00f3n de personas en situaci\u00f3n de calle con problemas psiqui\u00e1tricos y de adicciones<\/strong>, a ellos hay que abordarlos de otra manera\u00bb.<\/p>\n\n\n\n<h2 class=\"wp-block-heading\">El programa \u00abRed de Asistencia\u00bb de la Ciudad de Buenos Aires<\/h2>\n\n\n\n<p>Hace unos meses, el jefe de Gobierno porte\u00f1o,<strong>&nbsp;Jorge Macri,&nbsp;<\/strong>present\u00f3 un programa para asistir a personas en situaci\u00f3n de calle llamado&nbsp;<a href=\"https:\/\/www.ambito.com\/politica\/tras-el-pedido-disculpas-jorge-macri-lanzo-el-nuevo-programa-asistir-personas-situacion-calle-n5999256\" target=\"_blank\" rel=\"noreferrer noopener\"><strong>\u00abRed de Asistencia\u00bb<\/strong><\/a>, basado en la premisa de que&nbsp;<strong>\u00abla calle no es un lugar para dormir ni para vivir\u00bb<\/strong>. La Red trabaja para asistir y trasladar a las personas que est\u00e9n en situaci\u00f3n de calle a uno de los&nbsp;<strong>Centros de Inclusi\u00f3n Social.<\/strong><\/p>\n\n\n\n<figure class=\"wp-block-image\"><img decoding=\"async\" src=\"https:\/\/media.ambito.com\/p\/eb60f8edbf8f6f48e99060bf23fb6df1\/adjuntos\/239\/imagenes\/041\/513\/0041513856\/730x0\/smart\/jorge-macri-situacion-callejpg.jpg\" alt=\"Jorge Macri present\u00f3 hace unos meses el programa \" title=\"Jorge Macri present\u00f3 hace unos meses el programa \"\/><\/figure>\n\n\n\n<p>Jorge Macri present\u00f3 hace unos meses el programa \u00abRed de Asistencia\u00bb.<\/p>\n\n\n\n<p>Sobre el programa, Kravetz explic\u00f3: \u00abLa Ciudad es la \u00fanica jurisdicci\u00f3n con paradores y no est\u00e1n en su totalidad ocupados pero no es porque falta gente para ocuparlos&nbsp;<strong>es porque no se avienen a ocuparlos\u00bb.<\/strong><\/p>\n\n\n\n<p>En l\u00ednea con eso, agreg\u00f3:&nbsp;<strong>\u00abProtestan por la situaci\u00f3n en los paradores porque tienen reglas\u00bb<\/strong>. \u00abEl parador te desacomoda porque<strong>&nbsp;te estructura la vida distinta a lo que vos estas acostumbrado en la soledad<\/strong>\u00ab, cerr\u00f3.<\/p>\n\n\n\n<h2 class=\"wp-block-heading\">Para Diego Kravetz: \u00abLa situaci\u00f3n de calle es una situaci\u00f3n muy penosa y romantizarla es hacer pobrismo\u00bb<\/h2>\n\n\n\n<p>Sobre la pobreza en la Ciudad, Kravetz asegur\u00f3: \u00ab<strong>Hoy tenemos m\u00e1s de 4.500 personas en situaci\u00f3n de calle<\/strong>\u00ab. \u00abHay un tema convivencial en donde tratamos de darle una vuelta de tuerca,&nbsp;<strong>la situaci\u00f3n de calle es una situaci\u00f3n muy penosa y romantizarla es hacer pobrismo<\/strong>\u00ab, concluy\u00f3.<\/p>\n\n\n\n<figure class=\"wp-block-image\"><img decoding=\"async\" src=\"https:\/\/media.ambito.com\/p\/e7173c0124227dee64c5329f32159a2e\/adjuntos\/239\/imagenes\/040\/831\/0040831536\/persona-calle-situacion.jpg\" alt=\"Seg\u00fan Diego Kravetz, en CABA hay 4.500 personas en situaci\u00f3n de calle. \" title=\"Seg\u00fan Diego Kravetz, en CABA hay 4.500 personas en situaci\u00f3n de calle. \"\/><\/figure>\n\n\n\n<p>Seg\u00fan Diego Kravetz, en CABA hay 4.500 personas en situaci\u00f3n de calle.<\/p>\n\n\n\n<p>Ignacio Petunchi<\/p>\n\n\n\n<p>Sin embargo, el funcionario porte\u00f1o caus\u00f3 m\u00e1s pol\u00e9mica cuando dijo: \u00ab<strong>La cabeza del cartonero ya de por s\u00ed es distinta al resto de los ciudadanos<\/strong>&nbsp;por su tipo de trabajo, como el de la gente que vive en situaci\u00f3n de calle\u00bb. Adem\u00e1s finaliz\u00f3: \u00abSi como vecino le das un plato de sopa caliente a la persona que vive en la calle,<strong>&nbsp;lo acomodas en la pobreza y es un circuito no virtuoso\u00bb.<\/strong><\/p>\n","protected":false},"excerpt":{"rendered":"<p>El secretario de Seguridad porte\u00f1o asegur\u00f3: \u00abSi le das comida a una persona que vive en la calle, lo acomod\u00e1s en la pobreza y es un circuito no virtuoso\u00bb. El secretario de Seguridad de la Ciudad de Buenos Aires, Diego Kravetz,\u00a0fue cuestionado en las \u00faltimas horas, luego de que pidiera a los vecinos no darles [&hellip;]<\/p>\n","protected":false},"author":1,"featured_media":72678,"comment_status":"closed","ping_status":"closed","sticky":false,"template":"","format":"standard","meta":{"footnotes":""},"categories":[9],"tags":[],"class_list":["post-72677","post","type-post","status-publish","format-standard","has-post-thumbnail","hentry","category-economia"],"_links":{"self":[{"href":"https:\/\/legislaturahoy.com\/index.php?rest_route=\/wp\/v2\/posts\/72677","targetHints":{"allow":["GET"]}}],"collection":[{"href":"https:\/\/legislaturahoy.com\/index.php?rest_route=\/wp\/v2\/posts"}],"about":[{"href":"https:\/\/legislaturahoy.com\/index.php?rest_route=\/wp\/v2\/types\/post"}],"author":[{"embeddable":true,"href":"https:\/\/legislaturahoy.com\/index.php?rest_route=\/wp\/v2\/users\/1"}],"replies":[{"embeddable":true,"href":"https:\/\/legislaturahoy.com\/index.php?rest_route=%2Fwp%2Fv2%2Fcomments&post=72677"}],"version-history":[{"count":0,"href":"https:\/\/legislaturahoy.com\/index.php?rest_route=\/wp\/v2\/posts\/72677\/revisions"}],"wp:featuredmedia":[{"embeddable":true,"href":"https:\/\/legislaturahoy.com\/index.php?rest_route=\/wp\/v2\/media\/72678"}],"wp:attachment":[{"href":"https:\/\/legislaturahoy.com\/index.php?rest_route=%2Fwp%2Fv2%2Fmedia&parent=72677"}],"wp:term":[{"taxonomy":"category","embeddable":true,"href":"https:\/\/legislaturahoy.com\/index.php?rest_route=%2Fwp%2Fv2%2Fcategories&post=72677"},{"taxonomy":"post_tag","embeddable":true,"href":"https:\/\/legislaturahoy.com\/index.php?rest_route=%2Fwp%2Fv2%2Ftags&post=72677"}],"curies":[{"name":"wp","href":"https:\/\/api.w.org\/{rel}","templated":true}]}}