{"id":72687,"date":"2024-07-29T20:04:05","date_gmt":"2024-07-29T20:04:05","guid":{"rendered":"https:\/\/noticiasbaires.com\/?p=72687"},"modified":"2024-07-29T20:04:06","modified_gmt":"2024-07-29T20:04:06","slug":"todos-los-aumentos-que-llegan-en-agosto-nafta-prepagas-alquileres-y-mas","status":"publish","type":"post","link":"https:\/\/legislaturahoy.com\/?p=72687","title":{"rendered":"Todos los aumentos que llegan en agosto: nafta, prepagas, alquileres y m\u00e1s"},"content":{"rendered":"\n<p>El\u00a0Gobierno nacional\u00a0mantiene como una de sus\u00a0<strong>m\u00e1ximas prioridades<\/strong>\u00a0la baja de la<strong>\u00a0<\/strong><strong>inflaci\u00f3n<\/strong>.\u00a0El pr\u00f3ximo \u00edndice se dar\u00e1 a conocer oficialmente el\u00a0<strong>14 de agosto<\/strong>, y hasta entonces a\u00fan se desglosan los datos que dio a conocer el\u00a0INDEC\u00a0para junio y que volvieron a marcar un\u00a0<strong>descenso en el aumento de precios y servicios<\/strong>. Sin embargo,\u00a0esta\u00a0tendencia\u00a0a la baja no implica que el bolsillo del ciudadano de a pie no se resienta.<\/p>\n\n\n\n<p>Julio se ver\u00e1\u00a0<strong>fuertemente impactado por los aumentos\u00a0<\/strong>en el segmento Salud ante la suba de las\u00a0prepagas\u00a0y tambi\u00e9n el incremento para el\u00a0Transporte\u00a0y Comunicaciones, adem\u00e1s del rubro Esparcimiento impulsado por las vacaciones de invierno.<\/p>\n\n\n\n<p><\/p>\n\n\n\n<p>Si bien la\u00a0<strong>suba en alimentos\u00a0este mes se ha frenado<\/strong>\u00a0(seg\u00fan la consultora LCG la suba promedio anual se mantiene en 3,9%), los otros segmentos no tuvieron tanta suerte y podr\u00edan aumentar al \u00edndice mensual,\u00a0por lo que la inflaci\u00f3n continua como uno de los principales problemas argentinos y\u00a0<strong>agosto no se ve mejor debido al anuncio de nuevos aumentos.<\/strong><\/p>\n\n\n\n<h2 class=\"wp-block-heading\" id=\"inflacion-uno-por-uno-todos-los-aumentos-que-llegan-en-agosto\"><strong>Inflaci\u00f3n: uno por uno, todos los aumentos que llegan en agosto<\/strong><\/h2>\n\n\n\n<h2 class=\"wp-block-heading\"><strong><\/strong><\/h2>\n\n\n\n<h3 class=\"wp-block-heading\">Combustibles<\/h3>\n\n\n\n<p>Se espera&nbsp;<strong>un aumento de entre el 2% y el 3% en los combustibles<\/strong>, influenciado por un nuevo acuerdo salarial para los trabajadores de estaciones de servicio.&nbsp;<\/p>\n\n\n\n<p>Este ajuste podr\u00eda llevar el precio del litro de\u00a0<strong>nafta s\u00faper<\/strong>\u00a0en YPF a superar los $1.000. La suba podr\u00eda ser mayor si el Gobierno actualiza los impuestos que ha postergado.<\/p>\n\n\n\n<h3 class=\"wp-block-heading\"><strong>Prepagas<\/strong><\/h3>\n\n\n\n<ul class=\"wp-block-list\">\n<li>OSDE: Aumento del 4% para planes con copagos y del 5% para planes integrales.<\/li>\n\n\n\n<li>Medif\u00e9: Incrementos del 4,3% al 5,5%, seg\u00fan el plan.<\/li>\n\n\n\n<li>Swiss Medical: Aumento de alrededor del 5%.<\/li>\n\n\n\n<li>Omint: Incremento del 7%.<\/li>\n\n\n\n<li>Galeno: Suba del 7,8%.<\/li>\n<\/ul>\n\n\n\n<h3 class=\"wp-block-heading\"><strong>Alquileres<\/strong><\/h3>\n\n\n\n<p>Para\u00a0contratos\u00a0bajo la vieja ley,\u00a0<strong>el ajuste anual ser\u00e1 del 247%<\/strong>, afectando a alquileres iniciados entre el 1\u00b0 de julio de 2020 y el 17 de octubre de 2023.\u00a0Un alquiler de $200.000 pasar\u00e1 a costar casi $500.000.<\/p>\n\n\n\n<figure class=\"wp-block-image\"><img decoding=\"async\" src=\"https:\/\/www.cronista.com\/files\/image\/733\/733654\/659c37c181f27_700_387!.webp?s=0489fecccc7cdfdb7d22be3a64fe3815&amp;d=1714581236&amp;oe=jpg\" alt=\"\"\/><\/figure>\n\n\n\n<h3 class=\"wp-block-heading\"><strong>Peajes bonaerenses<\/strong><\/h3>\n\n\n\n<p>Aumento del\u00a0<strong>157%<\/strong>\u00a0en autopistas y del\u00a0<strong>137%\u00a0<\/strong>en autov\u00edas hacia la\u00a0Costa Atl\u00e1ntica. Las tarifas en hora pico hacia CABA superar\u00e1n los $3.000.\u00a0<\/p>\n\n\n\n<p>Desde el comienzo del a\u00f1o,&nbsp;el aumento promedio ha sido del 450%.<\/p>\n\n\n\n<h3 class=\"wp-block-heading\"><strong>Telefon\u00eda m\u00f3vil e internet<\/strong><\/h3>\n\n\n\n<p>Tras la\u00a0desregulaci\u00f3n de tarifas\u00a0por el Decreto 302\/2024, las empresas de telecomunicaciones han anunciado incrementos.\u00a0<\/p>\n\n\n\n<p>Movistar y Personal, por ejemplo,<strong>&nbsp;subir\u00e1n sus tarifas entre un 5% y un 6%.<\/strong><\/p>\n\n\n\n<h3 class=\"wp-block-heading\"><strong>Tarifas del agua<\/strong><\/h3>\n\n\n\n<p>Aysa, proveedora de\u00a0agua y cloacas\u00a0en el AMBA, aplicar\u00e1 un\u00a0<strong>aumento del 5,16% en agosto<\/strong>, llevando la factura promedio sin impuestos de $17.858 a $18.799.\u00a0<\/p>\n\n\n\n<p>En lo que va del a\u00f1o,<strong>\u00a0el incremento total es de 255%<\/strong>, con variaciones\u00a0seg\u00fan la segmentaci\u00f3n de usuarios.<\/p>\n\n\n\n<p><\/p>\n\n\n\n<p>Ambito <\/p>\n","protected":false},"excerpt":{"rendered":"<p>El\u00a0Gobierno nacional\u00a0mantiene como una de sus\u00a0m\u00e1ximas prioridades\u00a0la baja de la\u00a0inflaci\u00f3n.\u00a0El pr\u00f3ximo \u00edndice se dar\u00e1 a conocer oficialmente el\u00a014 de agosto, y hasta entonces a\u00fan se desglosan los datos que dio a conocer el\u00a0INDEC\u00a0para junio y que volvieron a marcar un\u00a0descenso en el aumento de precios y servicios. Sin embargo,\u00a0esta\u00a0tendencia\u00a0a la baja no implica que el [&hellip;]<\/p>\n","protected":false},"author":1,"featured_media":72690,"comment_status":"closed","ping_status":"closed","sticky":false,"template":"","format":"standard","meta":{"footnotes":""},"categories":[9],"tags":[],"class_list":["post-72687","post","type-post","status-publish","format-standard","has-post-thumbnail","hentry","category-economia"],"_links":{"self":[{"href":"https:\/\/legislaturahoy.com\/index.php?rest_route=\/wp\/v2\/posts\/72687","targetHints":{"allow":["GET"]}}],"collection":[{"href":"https:\/\/legislaturahoy.com\/index.php?rest_route=\/wp\/v2\/posts"}],"about":[{"href":"https:\/\/legislaturahoy.com\/index.php?rest_route=\/wp\/v2\/types\/post"}],"author":[{"embeddable":true,"href":"https:\/\/legislaturahoy.com\/index.php?rest_route=\/wp\/v2\/users\/1"}],"replies":[{"embeddable":true,"href":"https:\/\/legislaturahoy.com\/index.php?rest_route=%2Fwp%2Fv2%2Fcomments&post=72687"}],"version-history":[{"count":0,"href":"https:\/\/legislaturahoy.com\/index.php?rest_route=\/wp\/v2\/posts\/72687\/revisions"}],"wp:featuredmedia":[{"embeddable":true,"href":"https:\/\/legislaturahoy.com\/index.php?rest_route=\/wp\/v2\/media\/72690"}],"wp:attachment":[{"href":"https:\/\/legislaturahoy.com\/index.php?rest_route=%2Fwp%2Fv2%2Fmedia&parent=72687"}],"wp:term":[{"taxonomy":"category","embeddable":true,"href":"https:\/\/legislaturahoy.com\/index.php?rest_route=%2Fwp%2Fv2%2Fcategories&post=72687"},{"taxonomy":"post_tag","embeddable":true,"href":"https:\/\/legislaturahoy.com\/index.php?rest_route=%2Fwp%2Fv2%2Ftags&post=72687"}],"curies":[{"name":"wp","href":"https:\/\/api.w.org\/{rel}","templated":true}]}}