{"id":72703,"date":"2024-07-31T18:48:10","date_gmt":"2024-07-31T18:48:10","guid":{"rendered":"https:\/\/noticiasbaires.com\/?p=72703"},"modified":"2024-07-31T18:48:10","modified_gmt":"2024-07-31T18:48:10","slug":"bonos-en-dolares-suben-fuerte-y-los-adrs-trepan-hasta-71-tras-las-promesas-al-mercado-de-caputo","status":"publish","type":"post","link":"https:\/\/legislaturahoy.com\/?p=72703","title":{"rendered":"Bonos en d\u00f3lares suben fuerte y los ADRs trepan hasta 7,1% tras las promesas al mercado de Caputo"},"content":{"rendered":"\n<p><strong>El ministro se reuni\u00f3 con las ALyCs y habl\u00f3 de la implementaci\u00f3n del nuevo pacto fiscal, el cepo cambiario, el crecimiento, la inflaci\u00f3n y motiv\u00f3 a los hombres del mercado.<\/strong><\/p>\n\n\n\n<p>Los\u00a0<strong>bonos soberanos en d\u00f3lares y los ADRs<\/strong>\u00a0reaccionan\u00a0<strong><a rel=\"noreferrer noopener\" href=\"https:\/\/www.ambito.com\/economia\/salarios-la-baja-amortiguaron-la-caida-del-empleo-como-seguira-el-segundo-semestre-n6041592\" target=\"_blank\">positivamente a las promesas hechas\u00a0<\/a><\/strong>por el ministro de Econom\u00eda,<strong>\u00a0Luis Caputo<\/strong>, el martes a los referentes del mercado.\u00a0<strong>\u00abJulio va a tener la inflaci\u00f3n m\u00e1s baja en lo que va del a\u00f1o\u00bb<\/strong>, dijo ante los\u00a0<strong>Agentes de Liquidaci\u00f3n y Compensaci\u00f3n (ALyCs)<\/strong>, en el que tambi\u00e9n se dialog\u00f3 sobre el nuevo pacto fiscal.<\/p>\n\n\n\n<p>Los bonos moderan el impulso con el que arrancaron la sesi\u00f3n, pero operan en verde. La suba la lidera el\u00a0<strong>Global 2029\u00a0<\/strong>trepa 5%, seguido por el\u00a0<strong>Global 2046<\/strong>\u00a0(+3,4%), y el\u00a0<strong>Bonar 2029<\/strong>\u00a0(+2,5%). En lo que va del mes, sin embargo, no hay un din\u00e1mica consolidada, entre los que m\u00e1s suben se encuentra el\u00a0<strong>Bonar 2029<\/strong>\u00a0(+2,6%), y el\u00a0<strong>Global 2041<\/strong>\u00a0(+2,7%). En tanto, los que m\u00e1s caen son:\u00a0<strong>Bonar 2030<\/strong>\u00a0(-3%), y el\u00a0<strong>Global 2030<\/strong>\u00a0(-1,9%).<\/p>\n\n\n\n<p>En tanto,<strong>&nbsp;los ADRs tambi\u00e9n cotizan con subas generalizadas,&nbsp;<\/strong>las empresas que m\u00e1s avanzan son<strong>&nbsp;Grupo Financiero Galicia<\/strong>&nbsp;(+6,8%),&nbsp;<strong>Grupo Supervielle<\/strong>&nbsp;(+6,3%),&nbsp;<strong>Banco BBVA<\/strong>&nbsp;(+5,7%). En lo que va del mes, sin embargo, registran mayor\u00eda de descensos as\u00ed las mayores bajas son para&nbsp;<strong>Telecom&nbsp;<\/strong>(-11,3%),&nbsp;<strong>Despegar&nbsp;<\/strong>(-10,6%) y&nbsp;<strong>Ternium&nbsp;<\/strong>(-8,7%).<\/p>\n\n\n\n<p>Por su parte, en la plaza local&nbsp;<strong>el S&amp;P Merval rebota 4,4%<\/strong>, por lo que para las acciones locales es una jornada verde y tambien la punta de lanza es&nbsp;<strong>Transener&nbsp;<\/strong>que sube 7,8%; seguido&nbsp;<strong>Transportadora de Gas del Sur<\/strong>&nbsp;que lo hace en 7%, y&nbsp;<strong>Grupo Supervielle<\/strong>&nbsp;que sube 6,7%.<\/p>\n\n\n\n<p>Probablemente&nbsp;<strong>julio<\/strong>&nbsp;finalizar\u00e1 el mes con&nbsp;<strong>mayor\u00eda de bajas&nbsp;<\/strong>dentro del panel l\u00edder, los mayores descensos son para&nbsp;<strong>Telecom&nbsp;<\/strong>(-17,1%),<strong>&nbsp;Banco Macro&nbsp;<\/strong>(-15,3%),<strong>&nbsp;Banco BBVA<\/strong>&nbsp;(-15,1%). En contraposici\u00f3n la \u00fanica que terminar\u00eda en verde es&nbsp;<strong>Sociedad Comercial del Plata&nbsp;<\/strong>(+17%).<\/p>\n\n\n\n<h2 class=\"wp-block-heading\">Lo que les dijo Caputo a las ALYCs<\/h2>\n\n\n\n<p>Y es que Caputo expres\u00f3 que&nbsp;<strong>julio reportar\u00e1 la inflaci\u00f3n m\u00e1s baja del a\u00f1o, sugiriendo que ser\u00e1 inferior al 4,2%<\/strong>&nbsp;registrado en mayo. Adem\u00e1s, proyect\u00f3 que la inflaci\u00f3n podr\u00eda comenzar con 1% o 0% en septiembre. Tambi\u00e9n asegur\u00f3 que los vencimientos de deuda en d\u00f3lares hasta enero de 2026 est\u00e1n garantizados mediante repos, utilizando bonos como garant\u00eda.<\/p>\n","protected":false},"excerpt":{"rendered":"<p>El ministro se reuni\u00f3 con las ALyCs y habl\u00f3 de la implementaci\u00f3n del nuevo pacto fiscal, el cepo cambiario, el crecimiento, la inflaci\u00f3n y motiv\u00f3 a los hombres del mercado. Los\u00a0bonos soberanos en d\u00f3lares y los ADRs\u00a0reaccionan\u00a0positivamente a las promesas hechas\u00a0por el ministro de Econom\u00eda,\u00a0Luis Caputo, el martes a los referentes del mercado.\u00a0\u00abJulio va a [&hellip;]<\/p>\n","protected":false},"author":1,"featured_media":72704,"comment_status":"closed","ping_status":"closed","sticky":false,"template":"","format":"standard","meta":{"footnotes":""},"categories":[9],"tags":[],"class_list":["post-72703","post","type-post","status-publish","format-standard","has-post-thumbnail","hentry","category-economia"],"_links":{"self":[{"href":"https:\/\/legislaturahoy.com\/index.php?rest_route=\/wp\/v2\/posts\/72703","targetHints":{"allow":["GET"]}}],"collection":[{"href":"https:\/\/legislaturahoy.com\/index.php?rest_route=\/wp\/v2\/posts"}],"about":[{"href":"https:\/\/legislaturahoy.com\/index.php?rest_route=\/wp\/v2\/types\/post"}],"author":[{"embeddable":true,"href":"https:\/\/legislaturahoy.com\/index.php?rest_route=\/wp\/v2\/users\/1"}],"replies":[{"embeddable":true,"href":"https:\/\/legislaturahoy.com\/index.php?rest_route=%2Fwp%2Fv2%2Fcomments&post=72703"}],"version-history":[{"count":0,"href":"https:\/\/legislaturahoy.com\/index.php?rest_route=\/wp\/v2\/posts\/72703\/revisions"}],"wp:featuredmedia":[{"embeddable":true,"href":"https:\/\/legislaturahoy.com\/index.php?rest_route=\/wp\/v2\/media\/72704"}],"wp:attachment":[{"href":"https:\/\/legislaturahoy.com\/index.php?rest_route=%2Fwp%2Fv2%2Fmedia&parent=72703"}],"wp:term":[{"taxonomy":"category","embeddable":true,"href":"https:\/\/legislaturahoy.com\/index.php?rest_route=%2Fwp%2Fv2%2Fcategories&post=72703"},{"taxonomy":"post_tag","embeddable":true,"href":"https:\/\/legislaturahoy.com\/index.php?rest_route=%2Fwp%2Fv2%2Ftags&post=72703"}],"curies":[{"name":"wp","href":"https:\/\/api.w.org\/{rel}","templated":true}]}}