{"id":74065,"date":"2025-03-31T10:00:00","date_gmt":"2025-03-31T10:00:00","guid":{"rendered":"https:\/\/noticiasbaires.com\/?p=74065"},"modified":"2025-03-31T13:27:48","modified_gmt":"2025-03-31T13:27:48","slug":"transparencia-fiscal-arca-detallo-que-cambiara-desde-abril-en-los-tickets-y-facturas","status":"publish","type":"post","link":"https:\/\/legislaturahoy.com\/?p=74065","title":{"rendered":"Transparencia fiscal: ARCA detall\u00f3 qu\u00e9 cambiar\u00e1 desde abril en los tickets y facturas"},"content":{"rendered":"\n<h2 class=\"wp-block-heading\">El Gobierno estableci\u00f3 que todas las facturas emitidas por vendedores de bienes y servicios deber\u00e1n detallar el monto correspondiente al IVA contenido en el precio final. Rige desde el 1 de abril.<\/h2>\n\n\n\n<p>A partir del\u00a0<strong>1 de abril de 2025<\/strong>, por disposici\u00f3n de\u00a0<strong>ARCA,<\/strong>\u00a0la\u00a0<strong>ex AFIP,<\/strong>\u00a0entrar\u00e1 en vigencia una nueva normativa que busca aumentar la\u00a0<strong>transparencia fiscal,<\/strong>\u00a0lo que traer\u00e1 cambios en la forma de emitir facturas y tickets para los comerciantes.<\/p>\n\n\n\n<p>A trav\u00e9s de la Resoluci\u00f3n General 5614\/24,&nbsp;<strong>el Gobierno estableci\u00f3 que todas las facturas emitidas por vendedores de bienes y servicios deber\u00e1n detallar el monto correspondiente al IVA contenido en el precio final.<\/strong><\/p>\n\n\n\n<h2 class=\"wp-block-heading\">Objetivo del r\u00e9gimen de transparencia fiscal de ARCA<\/h2>\n\n\n\n<p>El principal objetivo de esta medida es reafirmar la mirada del Gobierno sobre la presi\u00f3n fiscal como uno de los factores principales que inciden sobre los precios altos en el pa\u00eds. Supone que al proporcionar informaci\u00f3n clara sobre los impuestos incluidos en cada transacci\u00f3n, se espera que los consumidores puedan evaluar mejor sus decisiones de compra.<\/p>\n\n\n\n<h2 class=\"wp-block-heading\">Aplicaci\u00f3n y alcance de la normativa de ARCA<\/h2>\n\n\n\n<p>La obligaci\u00f3n de detallar el IVA en las facturas se aplica a todas las empresas, independientemente de su tama\u00f1o, con la excepci\u00f3n de los contribuyentes inscriptos en el R\u00e9gimen Simplificado (Monotributo). Esta medida se implement\u00f3 inicialmente en enero de 2024, obligando a las grandes empresas a discriminar el IVA y otros impuestos nacionales indirectos en sus facturas. Sin embargo, aquellos que ya utilizaban sistemas de facturaci\u00f3n electr\u00f3nica, como Facturador M\u00f3vil o Comprobantes en L\u00ednea, ya contaban con la capacidad de cumplir con esta exigencia.<\/p>\n\n\n\n<h2 class=\"wp-block-heading\">Detalles de implementaci\u00f3n<\/h2>\n\n\n\n<p>Desde abril, cada ticket o factura de compra deber\u00e1 incluir la leyenda \u00abR\u00e9gimen de Transparencia Fiscal al Consumidor Ley 27.743\u00bb. Adem\u00e1s, se deber\u00e1 especificar claramente el monto del IVA incluido en el precio final y, en caso de corresponder, otros impuestos nacionales indirectos. Esta informaci\u00f3n debe presentarse de manera clara y accesible para que los consumidores puedan identificarla f\u00e1cilmente.<\/p>\n\n\n\n<h2 class=\"wp-block-heading\">Transparencia fiscal: sanciones por incumplimiento<\/h2>\n\n\n\n<p>El incumplimiento de esta obligaci\u00f3n estar\u00e1 sujeto a sanciones, que pueden incluir la clausura del establecimiento por un per\u00edodo de 2 a 6 d\u00edas, seg\u00fan lo dispuesto por la Ley de Procedimientos Fiscales. Esta medida busca asegurar que todas las empresas cumplan con la normativa y proporcionen la informaci\u00f3n requerida a los consumidores.<\/p>\n\n\n\n<h2 class=\"wp-block-heading\">Preguntas frecuentes sobre el r\u00e9gimen de transparencia fiscal<\/h2>\n\n\n\n<h3 class=\"wp-block-heading\">\u00bfCu\u00e1l es el objetivo del r\u00e9gimen de transparencia fiscal?<\/h3>\n\n\n\n<p>El objetivo es permitir a los consumidores conocer el impacto de los impuestos en las operaciones comerciales, proporcion\u00e1ndoles informaci\u00f3n clara para tomar decisiones de compra informadas y con plena libertad.<\/p>\n\n\n\n<h2 class=\"wp-block-heading\">\u00bfPara qui\u00e9nes rige la obligaci\u00f3n?<\/h2>\n\n\n\n<p>A partir del 1 de abril, todas las facturas emitidas por vendedores de bienes y servicios deber\u00e1n detallar el monto correspondiente al IVA contenido. Las grandes empresas ya estaban obligadas desde enero de 2024 a discriminar el IVA y otros impuestos en sus facturas.<\/p>\n\n\n\n<h3 class=\"wp-block-heading\">\u00bfEst\u00e1n obligados los monotributistas a cumplir con esta nueva obligaci\u00f3n?<\/h3>\n\n\n\n<p>No, la medida no incluye a los contribuyentes inscriptos en el R\u00e9gimen Simplificado.<\/p>\n\n\n\n<h3 class=\"wp-block-heading\">\u00bfQu\u00e9 tipo de sanci\u00f3n se aplicar\u00e1 a quienes no cumplan con la obligaci\u00f3n?<\/h3>\n\n\n\n<p>El incumplimiento estar\u00e1 sujeto a la sanci\u00f3n de clausura de 2 a 6 d\u00edas del establecimiento, seg\u00fan lo dispuesto por la Ley de Procedimientos Fiscales.<\/p>\n\n\n\n<h3 class=\"wp-block-heading\">\u00bfC\u00f3mo debe visualizarse en el ticket o factura de compra?<\/h3>\n\n\n\n<p>Cada ticket o factura llevar\u00e1 la leyenda \u00abR\u00e9gimen de Transparencia Fiscal al Consumidor Ley 27.743\u00bb. Los consumidores podr\u00e1n observar un apartado espec\u00edfico donde se detalla el monto de IVA incluido en el precio final y, de corresponder, otros impuestos nacionales indirectos.<\/p>\n\n\n\n<p>Ambito.com<\/p>\n","protected":false},"excerpt":{"rendered":"<p>El Gobierno estableci\u00f3 que todas las facturas emitidas por vendedores de bienes y servicios deber\u00e1n detallar el monto correspondiente al IVA contenido en el precio final. Rige desde el 1 de abril. A partir del\u00a01 de abril de 2025, por disposici\u00f3n de\u00a0ARCA,\u00a0la\u00a0ex AFIP,\u00a0entrar\u00e1 en vigencia una nueva normativa que busca aumentar la\u00a0transparencia fiscal,\u00a0lo que traer\u00e1 [&hellip;]<\/p>\n","protected":false},"author":1,"featured_media":74066,"comment_status":"closed","ping_status":"closed","sticky":false,"template":"","format":"standard","meta":{"footnotes":""},"categories":[9],"tags":[],"class_list":["post-74065","post","type-post","status-publish","format-standard","has-post-thumbnail","hentry","category-economia"],"_links":{"self":[{"href":"https:\/\/legislaturahoy.com\/index.php?rest_route=\/wp\/v2\/posts\/74065","targetHints":{"allow":["GET"]}}],"collection":[{"href":"https:\/\/legislaturahoy.com\/index.php?rest_route=\/wp\/v2\/posts"}],"about":[{"href":"https:\/\/legislaturahoy.com\/index.php?rest_route=\/wp\/v2\/types\/post"}],"author":[{"embeddable":true,"href":"https:\/\/legislaturahoy.com\/index.php?rest_route=\/wp\/v2\/users\/1"}],"replies":[{"embeddable":true,"href":"https:\/\/legislaturahoy.com\/index.php?rest_route=%2Fwp%2Fv2%2Fcomments&post=74065"}],"version-history":[{"count":1,"href":"https:\/\/legislaturahoy.com\/index.php?rest_route=\/wp\/v2\/posts\/74065\/revisions"}],"predecessor-version":[{"id":74067,"href":"https:\/\/legislaturahoy.com\/index.php?rest_route=\/wp\/v2\/posts\/74065\/revisions\/74067"}],"wp:featuredmedia":[{"embeddable":true,"href":"https:\/\/legislaturahoy.com\/index.php?rest_route=\/wp\/v2\/media\/74066"}],"wp:attachment":[{"href":"https:\/\/legislaturahoy.com\/index.php?rest_route=%2Fwp%2Fv2%2Fmedia&parent=74065"}],"wp:term":[{"taxonomy":"category","embeddable":true,"href":"https:\/\/legislaturahoy.com\/index.php?rest_route=%2Fwp%2Fv2%2Fcategories&post=74065"},{"taxonomy":"post_tag","embeddable":true,"href":"https:\/\/legislaturahoy.com\/index.php?rest_route=%2Fwp%2Fv2%2Ftags&post=74065"}],"curies":[{"name":"wp","href":"https:\/\/api.w.org\/{rel}","templated":true}]}}