{"id":74549,"date":"2025-07-14T12:40:16","date_gmt":"2025-07-14T12:40:16","guid":{"rendered":"https:\/\/legislaturahoy.com\/?p=74549"},"modified":"2025-07-14T12:40:16","modified_gmt":"2025-07-14T12:40:16","slug":"distinguieron-a-mariana-biro-por-su-compromiso-con-la-educacion","status":"publish","type":"post","link":"https:\/\/legislaturahoy.com\/?p=74549","title":{"rendered":"Distinguieron a Mariana Bir\u00f3 por su compromiso con la educaci\u00f3n"},"content":{"rendered":"\n<p>La docente de 93 a\u00f1os fue declarada \u201cpersonalidad destacada\u201d por la Legislatura de la Ciudad, como un reconocimiento a su extensa trayectoria en el \u00e1rea.<\/p>\n\n\n\n<p>Con la intenci\u00f3n de reconocer su labor, la Legislatura de la Ciudad Aut\u00f3noma de Buenos Aires declar\u00f3 \u201cpersonalidad destacada en el \u00e1mbito de la Educaci\u00f3n\u201d a la docente&nbsp;<strong>Mariana Bir\u00f3<\/strong>, de 93 a\u00f1os, como una distinci\u00f3n a su compromiso con la ense\u00f1anza, la creatividad y la formaci\u00f3n integral de nuevas generaciones.<\/p>\n\n\n\n<p>Fue gracias a una iniciativa impulsada por el diputado de Vamos por M\u00e1s (VxM)&nbsp;<strong>Hern\u00e1n Reyes<\/strong>, quien explic\u00f3: \u201cme fascin\u00f3 tomarme ese caf\u00e9 en la escuela con ella y estar dos horas largas charlando y contando ella su historia, su vocaci\u00f3n por la ense\u00f1anza, su amor por los chicos, su potencia creativa, su vigorosidad, su lucha y vida. Ella est\u00e1 llena de vida\u201d.<\/p>\n\n\n\n<p>El acto de reconocimiento se llev\u00f3 a cabo en el Sal\u00f3n Montevideo de esa Casa, en donde Bir\u00f3 agradeci\u00f3 la distinci\u00f3n por parte de la Legislatura y resalt\u00f3 la importancia de la educaci\u00f3n como motor para el desarrollo de la sociedad.<\/p>\n\n\n\n<p>Cabe recordar que Mariana Bir\u00f3, hija del c\u00e9lebre inventor&nbsp;<strong>Ladislao Jos\u00e9 Bir\u00f3<\/strong>, lleg\u00f3 a Argentina a la edad de nueve a\u00f1os. Por ser hija de un inventor, desde peque\u00f1a, su vida estuvo marcada por la innovaci\u00f3n. Este inter\u00e9s en la resoluci\u00f3n de problemas fue un precursor en su futuro como educadora.<\/p>\n\n\n\n<p>En 1966, junto a su esposo, el educador norteamericano&nbsp;<strong>Francis Loring Sweet<\/strong>, Mariana fund\u00f3 la \u201cEscuela del Sol\u201d, una de las primeras instituciones educativas laicas, libres y democr\u00e1ticas en nuestro pa\u00eds. La escuela se construy\u00f3 sobre el lema \u201csembrar con honestidad\u201d reflejando su compromiso con una educaci\u00f3n que fomente el desarrollo personal y creativo de cada estudiante.<\/p>\n\n\n\n<p>\u201cLa Escuela del Sol\u201d, que alberga a casi 400 alumnos, se distingue por su m\u00e9todo \u00fanico que promueve el pensamiento creativo en los ni\u00f1os ayud\u00e1ndolos a encontrar soluciones novedosas a los problemas de siempre, impulsando la creatividad como tambi\u00e9n empoderando a los estudiantes para que se conviertan en agentes de cambio.<\/p>\n\n\n\n<p>Parlamentario.com<\/p>\n","protected":false},"excerpt":{"rendered":"<p>La docente de 93 a\u00f1os fue declarada \u201cpersonalidad destacada\u201d por la Legislatura de la Ciudad, como un reconocimiento a su extensa trayectoria en el \u00e1rea. Con la intenci\u00f3n de reconocer su labor, la Legislatura de la Ciudad Aut\u00f3noma de Buenos Aires declar\u00f3 \u201cpersonalidad destacada en el \u00e1mbito de la Educaci\u00f3n\u201d a la docente&nbsp;Mariana Bir\u00f3, de [&hellip;]<\/p>\n","protected":false},"author":1,"featured_media":74550,"comment_status":"closed","ping_status":"closed","sticky":false,"template":"","format":"standard","meta":{"footnotes":""},"categories":[4],"tags":[],"class_list":["post-74549","post","type-post","status-publish","format-standard","has-post-thumbnail","hentry","category-politicia"],"_links":{"self":[{"href":"https:\/\/legislaturahoy.com\/index.php?rest_route=\/wp\/v2\/posts\/74549","targetHints":{"allow":["GET"]}}],"collection":[{"href":"https:\/\/legislaturahoy.com\/index.php?rest_route=\/wp\/v2\/posts"}],"about":[{"href":"https:\/\/legislaturahoy.com\/index.php?rest_route=\/wp\/v2\/types\/post"}],"author":[{"embeddable":true,"href":"https:\/\/legislaturahoy.com\/index.php?rest_route=\/wp\/v2\/users\/1"}],"replies":[{"embeddable":true,"href":"https:\/\/legislaturahoy.com\/index.php?rest_route=%2Fwp%2Fv2%2Fcomments&post=74549"}],"version-history":[{"count":1,"href":"https:\/\/legislaturahoy.com\/index.php?rest_route=\/wp\/v2\/posts\/74549\/revisions"}],"predecessor-version":[{"id":74551,"href":"https:\/\/legislaturahoy.com\/index.php?rest_route=\/wp\/v2\/posts\/74549\/revisions\/74551"}],"wp:featuredmedia":[{"embeddable":true,"href":"https:\/\/legislaturahoy.com\/index.php?rest_route=\/wp\/v2\/media\/74550"}],"wp:attachment":[{"href":"https:\/\/legislaturahoy.com\/index.php?rest_route=%2Fwp%2Fv2%2Fmedia&parent=74549"}],"wp:term":[{"taxonomy":"category","embeddable":true,"href":"https:\/\/legislaturahoy.com\/index.php?rest_route=%2Fwp%2Fv2%2Fcategories&post=74549"},{"taxonomy":"post_tag","embeddable":true,"href":"https:\/\/legislaturahoy.com\/index.php?rest_route=%2Fwp%2Fv2%2Ftags&post=74549"}],"curies":[{"name":"wp","href":"https:\/\/api.w.org\/{rel}","templated":true}]}}