{"id":75388,"date":"2026-03-03T13:31:29","date_gmt":"2026-03-03T13:31:29","guid":{"rendered":"https:\/\/legislaturahoy.com\/?p=75388"},"modified":"2026-03-03T13:31:32","modified_gmt":"2026-03-03T13:31:32","slug":"empanadas-y-un-encuentro-breve-como-fue-el-agape-en-la-quinta-de-olivos","status":"publish","type":"post","link":"https:\/\/legislaturahoy.com\/?p=75388","title":{"rendered":"Empanadas y un encuentro breve: c\u00f3mo fue el \u00e1gape en la Quinta de Olivos"},"content":{"rendered":"\n<p>El encuentro comenz\u00f3 poco despu\u00e9s de la medianoche, pero fue breve. No hubo asado, pero si empanadas y gaseosa. La presencia de los legisladores aliados del Pro y la UCR.<\/p>\n\n\n\n<p>Inaugurado el 144\u00b0 per\u00edodo de sesiones ordinarias, el grueso fuerte de legisladores de La Libertad Avanza se retir\u00f3 del Palacio Legislativo en direcci\u00f3n a la Quinta de Olivos para celebrar junto a&nbsp;<strong>Javier Milei<\/strong>. Si bien el anuncio fue bajo la promesa de compartir un asado, el men\u00fa finalmente termin\u00f3 siendo empanadas y canap\u00e9s.<\/p>\n\n\n\n<p>El presidente de la Naci\u00f3n emprendi\u00f3 la retirada a las 23 acompa\u00f1ado por dos camionetas blancas que transportaron a los ministros y secretarios que asistieron a la Asamblea Legislativa. Sin apuros, los senadores y diputados oficialistas arribaron cerca de las 23.50 a la residencia presidencial. Seg\u00fan conf\u00edo a&nbsp;<strong>parlamentario.com<\/strong>&nbsp;una fuente del bloque el encuentro fue breve con un \u201cfrugal bandejeo y gaseosas\u201d que termin\u00f3 a las 2.<\/p>\n\n\n\n<p>Adem\u00e1s del jefe de Estado, los integrantes del Gabinete nacional y los legisladores de La Libertad Avanza tambi\u00e9n estuvieron presentes diputados del Pro y la Uni\u00f3n C\u00edvica Radical. Un legislador provincial presente en el encuentro revel\u00f3 a este medio que el cansancio en los comensales era notorio por lo extenso de la jornada en el Congreso.<\/p>\n\n\n\n<p>Por otro lado, un referente del bloque oficialista brome\u00f3 ante la prensa acreditada cuando se retiraba del recinto que la condici\u00f3n de asistir al \u00e1gape estaba sujeta a la posibilidad de poder costear los gastos de cada uno de los presentes. \u201cVoy porque despu\u00e9s pasamos el PosNet\u201d, confirmaba.<\/p>\n\n\n\n<p>Pocos minutos antes de la medianoche, la diputada rionegrina&nbsp;<strong>Lorena Villaverde<\/strong>&nbsp;arrib\u00f3 a la Quinta de Olivos en auto blanco acompa\u00f1ada de&nbsp;<strong>Giselle Castelnuovo<\/strong>. Notoriamente cansada, la excandidata a senadora fue consultada por medios televisivos respecto al men\u00fa, pero respondi\u00f3: \u201cNo sabemos nada\u201d.<\/p>\n\n\n\n<p>Luego, opin\u00f3 del discurso de Javier Milei en la Asamblea Legislativa y consider\u00f3 que \u201cla Argentina por fin arranc\u00f3\u201d. Concluy\u00f3, en esa l\u00ednea, que el contenido brindado por el jefe de Estado es \u201clo que los argentinos necesitamos, datos y nada de relato\u201d, y augur\u00f3 por \u201cla moral como pol\u00edtica de Estado\u201d.<\/p>\n\n\n\n<p>Parlamentario.com<\/p>\n","protected":false},"excerpt":{"rendered":"<p>El encuentro comenz\u00f3 poco despu\u00e9s de la medianoche, pero fue breve. No hubo asado, pero si empanadas y gaseosa. La presencia de los legisladores aliados del Pro y la UCR. Inaugurado el 144\u00b0 per\u00edodo de sesiones ordinarias, el grueso fuerte de legisladores de La Libertad Avanza se retir\u00f3 del Palacio Legislativo en direcci\u00f3n a la [&hellip;]<\/p>\n","protected":false},"author":1,"featured_media":75389,"comment_status":"closed","ping_status":"closed","sticky":false,"template":"","format":"standard","meta":{"footnotes":""},"categories":[4],"tags":[],"class_list":["post-75388","post","type-post","status-publish","format-standard","has-post-thumbnail","hentry","category-politicia"],"_links":{"self":[{"href":"https:\/\/legislaturahoy.com\/index.php?rest_route=\/wp\/v2\/posts\/75388","targetHints":{"allow":["GET"]}}],"collection":[{"href":"https:\/\/legislaturahoy.com\/index.php?rest_route=\/wp\/v2\/posts"}],"about":[{"href":"https:\/\/legislaturahoy.com\/index.php?rest_route=\/wp\/v2\/types\/post"}],"author":[{"embeddable":true,"href":"https:\/\/legislaturahoy.com\/index.php?rest_route=\/wp\/v2\/users\/1"}],"replies":[{"embeddable":true,"href":"https:\/\/legislaturahoy.com\/index.php?rest_route=%2Fwp%2Fv2%2Fcomments&post=75388"}],"version-history":[{"count":1,"href":"https:\/\/legislaturahoy.com\/index.php?rest_route=\/wp\/v2\/posts\/75388\/revisions"}],"predecessor-version":[{"id":75390,"href":"https:\/\/legislaturahoy.com\/index.php?rest_route=\/wp\/v2\/posts\/75388\/revisions\/75390"}],"wp:featuredmedia":[{"embeddable":true,"href":"https:\/\/legislaturahoy.com\/index.php?rest_route=\/wp\/v2\/media\/75389"}],"wp:attachment":[{"href":"https:\/\/legislaturahoy.com\/index.php?rest_route=%2Fwp%2Fv2%2Fmedia&parent=75388"}],"wp:term":[{"taxonomy":"category","embeddable":true,"href":"https:\/\/legislaturahoy.com\/index.php?rest_route=%2Fwp%2Fv2%2Fcategories&post=75388"},{"taxonomy":"post_tag","embeddable":true,"href":"https:\/\/legislaturahoy.com\/index.php?rest_route=%2Fwp%2Fv2%2Ftags&post=75388"}],"curies":[{"name":"wp","href":"https:\/\/api.w.org\/{rel}","templated":true}]}}