{"id":75395,"date":"2026-03-04T13:22:47","date_gmt":"2026-03-04T13:22:47","guid":{"rendered":"https:\/\/legislaturahoy.com\/?p=75395"},"modified":"2026-03-04T13:22:48","modified_gmt":"2026-03-04T13:22:48","slug":"el-oficialismo-repudio-los-dichos-de-luis-d-elia-por-justificar-el-atentado-a-la-amia","status":"publish","type":"post","link":"https:\/\/legislaturahoy.com\/?p=75395","title":{"rendered":"El oficialismo repudi\u00f3 los dichos de Luis D\u2019 El\u00eda por justificar el atentado a la AMIA"},"content":{"rendered":"\n<p>El proyecto fue presentado por un grupo de diputados libertarios luego de la denuncia penal del fiscal Carlos Stornelli que lo imput\u00f3 por promover el odio y la hostilidad contra la comunidad jud\u00eda.<\/p>\n\n\n\n<p>Diputados del bloque de La Libertad Avanza presentaron un proyecto de declaraci\u00f3n para expresar el \u201cm\u00e1s en\u00e9rgico repudio\u201d a las expresiones vertidas por el dirigente social&nbsp;<strong>Luis D\u2019El\u00eda,<\/strong>&nbsp;exfuncionario del gobierno de N\u00e9stor Kirchner, quien neg\u00f3 la responsabilidad de la Rep\u00fablica Isl\u00e1mica de Ir\u00e1n y justific\u00f3 el atentado terrorista perpetrado el 18 de julio de 1994 contra la sede de la Asociaci\u00f3n Mutual Israelita Argentina (AMIA).<\/p>\n\n\n\n<p>\u201cD\u2019El\u00eda invoc\u00f3 actuar como portavoz de la organizaci\u00f3n \u2018Guardia Revolucionaria Iran\u00ed\u2019, que contiene dentro de una de sus divisiones de los Cuerpos de Guardia a \u2018La Fuerza Quds\u2019 declarada como organizaci\u00f3n terrorista por el estado argentino en fecha 17 de enero de 2026, cuyos jefes est\u00e1n acusados por la justicia de ser los autores intelectuales del atentado a la AMIA. Afirmando tambi\u00e9n que en Argentina \u00e9l es Ir\u00e1n, erigi\u00e9ndose a s\u00ed mismo como vocero de la teocracia de Teher\u00e1n\u201d, argumentaron.<\/p>\n\n\n\n<p>La presentaci\u00f3n del proyecto se basa en la denuncia penal que present\u00f3 el fiscal federal Carlos Stornelli que imput\u00f3 a D\u2019El\u00eda por \u201chaber promovido el odio y la hostilidad por motivos religiosos, nacionales o&nbsp; pol\u00edticos, y haber justificado p\u00fablica y expl\u00edcitamente el atentado terrorista perpetrado el&nbsp; 18 de julio de 1994 contra la sede de la Asociaci\u00f3n Mutual Israelita Argentina (AMIA),&nbsp; un hecho que constituye uno de los actos de terrorismo m\u00e1s graves de la historia&nbsp; contempor\u00e1nea argentina y que sigue siendo una herida abierta para sus sobrevivientes,&nbsp; familiares y la sociedad en su conjunto\u201d, el pasado 28 de febrero en su cuenta personal de TikTok.<\/p>\n\n\n\n<p>En la acusaci\u00f3n se investiga si las expresiones realizadas \u201cconfiguraron delitos de promoci\u00f3n de la hostilidad, incitaci\u00f3n al odio y justificaci\u00f3n del terrorismo, en violaci\u00f3n de normas penales y de la Ley 23.592 de actos discriminatorios contemplando inclusive una posible acusaci\u00f3n por traici\u00f3n a la patria\u201d.<\/p>\n\n\n\n<p>Parlamentario.com<\/p>\n","protected":false},"excerpt":{"rendered":"<p>El proyecto fue presentado por un grupo de diputados libertarios luego de la denuncia penal del fiscal Carlos Stornelli que lo imput\u00f3 por promover el odio y la hostilidad contra la comunidad jud\u00eda. Diputados del bloque de La Libertad Avanza presentaron un proyecto de declaraci\u00f3n para expresar el \u201cm\u00e1s en\u00e9rgico repudio\u201d a las expresiones vertidas [&hellip;]<\/p>\n","protected":false},"author":1,"featured_media":75396,"comment_status":"closed","ping_status":"closed","sticky":false,"template":"","format":"standard","meta":{"footnotes":""},"categories":[4],"tags":[],"class_list":["post-75395","post","type-post","status-publish","format-standard","has-post-thumbnail","hentry","category-politicia"],"_links":{"self":[{"href":"https:\/\/legislaturahoy.com\/index.php?rest_route=\/wp\/v2\/posts\/75395","targetHints":{"allow":["GET"]}}],"collection":[{"href":"https:\/\/legislaturahoy.com\/index.php?rest_route=\/wp\/v2\/posts"}],"about":[{"href":"https:\/\/legislaturahoy.com\/index.php?rest_route=\/wp\/v2\/types\/post"}],"author":[{"embeddable":true,"href":"https:\/\/legislaturahoy.com\/index.php?rest_route=\/wp\/v2\/users\/1"}],"replies":[{"embeddable":true,"href":"https:\/\/legislaturahoy.com\/index.php?rest_route=%2Fwp%2Fv2%2Fcomments&post=75395"}],"version-history":[{"count":1,"href":"https:\/\/legislaturahoy.com\/index.php?rest_route=\/wp\/v2\/posts\/75395\/revisions"}],"predecessor-version":[{"id":75397,"href":"https:\/\/legislaturahoy.com\/index.php?rest_route=\/wp\/v2\/posts\/75395\/revisions\/75397"}],"wp:featuredmedia":[{"embeddable":true,"href":"https:\/\/legislaturahoy.com\/index.php?rest_route=\/wp\/v2\/media\/75396"}],"wp:attachment":[{"href":"https:\/\/legislaturahoy.com\/index.php?rest_route=%2Fwp%2Fv2%2Fmedia&parent=75395"}],"wp:term":[{"taxonomy":"category","embeddable":true,"href":"https:\/\/legislaturahoy.com\/index.php?rest_route=%2Fwp%2Fv2%2Fcategories&post=75395"},{"taxonomy":"post_tag","embeddable":true,"href":"https:\/\/legislaturahoy.com\/index.php?rest_route=%2Fwp%2Fv2%2Ftags&post=75395"}],"curies":[{"name":"wp","href":"https:\/\/api.w.org\/{rel}","templated":true}]}}