{"id":75402,"date":"2026-03-05T11:53:57","date_gmt":"2026-03-05T11:53:57","guid":{"rendered":"https:\/\/legislaturahoy.com\/?p=75402"},"modified":"2026-03-05T11:53:58","modified_gmt":"2026-03-05T11:53:58","slug":"el-primer-proyecto-del-ano-buscara-conmemorar-el-atentado-de-la-amia","status":"publish","type":"post","link":"https:\/\/legislaturahoy.com\/?p=75402","title":{"rendered":"El primer proyecto del a\u00f1o buscar\u00e1 conmemorar el atentado de la AMIA"},"content":{"rendered":"\n<p>Se trata de una iniciativa de Claudia Neira (FxBA) en el que se recuerda a las victimas de ese ataque y vuelve a revalidar el pedido de justicia.<\/p>\n\n\n\n<p>Despu\u00e9s de que el jefe de Gobierno de la Ciudad Aut\u00f3noma de Buenos Aires,&nbsp;<strong>Jorge Macri<\/strong>, dejara inaugurado el nuevo periodo parlamentario, la Legislatura porte\u00f1a recibi\u00f3 un centenar de proyectos, pero el primero en ingresar fue impulsado por la presidenta del bloque Fuerza por Buenos Aires (FxBA),&nbsp;<strong>Claudia Neira<\/strong>, y buscar\u00e1 conmemorar el 32\u00b0 aniversario del atentado terrorista a la Asociaci\u00f3n Mutual Israelita Argentina (AMIA).<\/p>\n\n\n\n<p>El texto tambi\u00e9n&nbsp;rinde homenaje a las v\u00edctimas \u00abde este terrible hecho y acompa\u00f1a a sus seres queridos en el reclamo de memoria y justicia\u00bb.<\/p>\n\n\n\n<p>En los fundamentos de la iniciativa se recuerda que \u00abel 18 de julio de 1994 se perpetr\u00f3 el segundo atentado terrorista m\u00e1s cruel que sufri\u00f3 la comunidad jud\u00eda y nuestro pa\u00eds, cuyo objetivo fue atacar la sede de la Asociaci\u00f3n Mutual Israelita Argentina (AMIA) en la calle Pasteur 633 exactamente a las 9:53hs\u00bb y precisa que \u00aben el ataque murieron 85 personas que se encontraban en el edificio y sus alrededores, contabilizando m\u00e1s de 300 personas que resultaron heridas. La explosi\u00f3n se hizo sentir en todo el barrio de Once y a varios kil\u00f3metros a la redonda. Asimismo, m\u00e1s de 100 hogares y comercios cercanos a la sede fueron destruidos por la explosi\u00f3n\u00bb.<\/p>\n\n\n\n<p>\u00abA\u00f1o tras a\u00f1o, de forma inalterable la Rep\u00fablica Argentina conden\u00f3 en todos los foros internacionales la amenaza del terrorismo global. Nuestro pa\u00eds, v\u00edctima de dichos atentados, expres\u00f3 sin miramientos que todos los actos de terrorismo son criminales y no hay argumento que justifique el terror sobre la poblaci\u00f3n civil\u00bb, sostuvo Neira, quien adem\u00e1s record\u00f3 que \u00aben 1992 se atent\u00f3 contra la Embajada de Israel y en 1994 contra la sede de la AMIA. Como consecuencia perdieron la vida 102 personas. Las v\u00edctimas del terrorismo internacional nos imponen el mandato de respetar su memoria, comprometiendo nuestro esfuerzo para perseguir, encontrar y condenar a los culpables\u00bb.<\/p>\n\n\n\n<p>Sobre esa misma l\u00ednea, la peronista detall\u00f3 que \u00abhan&nbsp;pasado 32 a\u00f1os de este cruento ataque, y a pesar de las dificultades que la distancia temporal impone, es necesario apoyar a la Justicia para el esclarecimiento, manteniendo vivo el recuerdo del horror para que no se repita\u00bb y sentenci\u00f3 que \u00abel pedido de justicia es un grito que no se acalla, y las maniobras dilatorias y de encubrimiento da\u00f1an y laceran las heridas abiertas de tan cruel atentado\u00bb.<\/p>\n\n\n\n<p>Parlamentario.com<\/p>\n","protected":false},"excerpt":{"rendered":"<p>Se trata de una iniciativa de Claudia Neira (FxBA) en el que se recuerda a las victimas de ese ataque y vuelve a revalidar el pedido de justicia. Despu\u00e9s de que el jefe de Gobierno de la Ciudad Aut\u00f3noma de Buenos Aires,&nbsp;Jorge Macri, dejara inaugurado el nuevo periodo parlamentario, la Legislatura porte\u00f1a recibi\u00f3 un centenar [&hellip;]<\/p>\n","protected":false},"author":1,"featured_media":75403,"comment_status":"closed","ping_status":"closed","sticky":false,"template":"","format":"standard","meta":{"footnotes":""},"categories":[4],"tags":[],"class_list":["post-75402","post","type-post","status-publish","format-standard","has-post-thumbnail","hentry","category-politicia"],"_links":{"self":[{"href":"https:\/\/legislaturahoy.com\/index.php?rest_route=\/wp\/v2\/posts\/75402","targetHints":{"allow":["GET"]}}],"collection":[{"href":"https:\/\/legislaturahoy.com\/index.php?rest_route=\/wp\/v2\/posts"}],"about":[{"href":"https:\/\/legislaturahoy.com\/index.php?rest_route=\/wp\/v2\/types\/post"}],"author":[{"embeddable":true,"href":"https:\/\/legislaturahoy.com\/index.php?rest_route=\/wp\/v2\/users\/1"}],"replies":[{"embeddable":true,"href":"https:\/\/legislaturahoy.com\/index.php?rest_route=%2Fwp%2Fv2%2Fcomments&post=75402"}],"version-history":[{"count":1,"href":"https:\/\/legislaturahoy.com\/index.php?rest_route=\/wp\/v2\/posts\/75402\/revisions"}],"predecessor-version":[{"id":75404,"href":"https:\/\/legislaturahoy.com\/index.php?rest_route=\/wp\/v2\/posts\/75402\/revisions\/75404"}],"wp:featuredmedia":[{"embeddable":true,"href":"https:\/\/legislaturahoy.com\/index.php?rest_route=\/wp\/v2\/media\/75403"}],"wp:attachment":[{"href":"https:\/\/legislaturahoy.com\/index.php?rest_route=%2Fwp%2Fv2%2Fmedia&parent=75402"}],"wp:term":[{"taxonomy":"category","embeddable":true,"href":"https:\/\/legislaturahoy.com\/index.php?rest_route=%2Fwp%2Fv2%2Fcategories&post=75402"},{"taxonomy":"post_tag","embeddable":true,"href":"https:\/\/legislaturahoy.com\/index.php?rest_route=%2Fwp%2Fv2%2Ftags&post=75402"}],"curies":[{"name":"wp","href":"https:\/\/api.w.org\/{rel}","templated":true}]}}