{"id":75407,"date":"2026-03-06T12:18:11","date_gmt":"2026-03-06T12:18:11","guid":{"rendered":"https:\/\/legislaturahoy.com\/?p=75407"},"modified":"2026-03-06T12:18:12","modified_gmt":"2026-03-06T12:18:12","slug":"piden-renombrar-una-estacion-del-subte-en-honor-a-strassera","status":"publish","type":"post","link":"https:\/\/legislaturahoy.com\/?p=75407","title":{"rendered":"Piden renombrar una estaci\u00f3n del subte en honor a Strassera"},"content":{"rendered":"\n<p>Se trata de una iniciativa de la radical Aldana Crucitta (UCR-Ev) mediante la cu\u00e1l se buscar\u00e1 reconocer al fiscal por \u00absu valor, su servicio de justicia y su defensa ac\u00e9rrima del sistema democr\u00e1tico\u00bb.<\/p>\n\n\n\n<p>A d\u00edas de un nuevo aniversario del \u00faltimo golpe c\u00edvico &#8211; militar, la diputada de la Uni\u00f3n C\u00edvica Radical &#8211; Evoluci\u00f3n (UCR-Ev)&nbsp;<strong>Aldana Crucitta<\/strong>&nbsp;present\u00f3 en la Legislatura de la Ciudad Aut\u00f3noma de Buenos Aires un proyecto de ley para renombrar a la estaci\u00f3n Uruguay de la L\u00ednea B de Subterr\u00e1neos, como \u201cUruguay \u2013&nbsp;<strong>Julio C\u00e9sar Strassera<\/strong>\u201d.<\/p>\n\n\n\n<p>En ese sentido, la radical explic\u00f3 que este cambio busca establecer un \u00abreconocimiento y reivindicaci\u00f3n hist\u00f3rica a una persona que se constituy\u00f3 como una figura fundamental al momento de la recuperaci\u00f3n y consolidaci\u00f3n de nuestra democracia\u00bb e indic\u00f3 que \u00absu valor, su servicio de justicia y su defensa ac\u00e9rrima del sistema democr\u00e1tico, en aquel memento tan oscuro en la historia de nuestro pa\u00eds, hizo que muchos y sobre todos quienes creemos en el Estado de Derecho, la Justicia como \u00fanica herramienta v\u00e1lida para la resoluci\u00f3n de conflictos y la Democracia como forma de vida pac\u00edfica en comunidad, lo consideramos a la altura de un pr\u00f3cer nacional\u00bb.<\/p>\n\n\n\n<p>En los fundamentos del texto, Crucitta rememor\u00f3 que \u00abal&nbsp;asumir el 10 de diciembre de 1983 el Dr.&nbsp;<strong>Ra\u00fal Alfons\u00edn<\/strong>&nbsp;la presidencia de la Naci\u00f3n e instaurarse nuevamente el sistema democr\u00e1tico en la Republica Argentina, el gobierno implement\u00f3 medidas inmediatas para iniciar la investigaci\u00f3n y el enjuiciamiento de los cr\u00edmenes cometidos por la dictadura militar\u00bb y detall\u00f3 que \u00abel 13 de diciembre del mismo a\u00f1o se firm\u00f3 el decreto 158\/83 el cual orden\u00f3 el enjuiciamiento de las Juntas Militares ante el Consejo Supremo de las Fuerzas Armadas por cargos de homicidio, privaci\u00f3n ilegal de la libertad y aplicaci\u00f3n de tormentos y ese mismo d\u00eda se cre\u00f3 la Comisi\u00f3n Nacional sobre la Desaparici\u00f3n de Personas (CONADEP) presidida por&nbsp;<strong>Ernesto S\u00e1bato<\/strong>. El 20 de septiembre de 1984, se entrega el<br \/>informe final de la Comisi\u00f3n\u00bb.<\/p>\n\n\n\n<p>\u00abEl plan original era que las propias Fuerzas Armadas se depuraran enjuiciando y condenando a las juntas militares, para que luego la sentencia fuera revisada en segunda instancia por el Poder Judicial de la Naci\u00f3n. Para ello, el Presidente envi\u00f3 al Congreso un proyecto de ley que asignaba al Fuero Federal del Poder Judicial la funci\u00f3n de revisar en segunda instancia las sentencias de los tribunales administrativos del \u00e1mbito militar\u00bb, continu\u00f3 y record\u00f3 que \u00abal evidenciarse que el Consejo Supremo de las Fuerzas Armadas no investigar\u00eda ni enjuiciar\u00eda a los m\u00e1ximos responsables de las violaciones de derechos humanos durante la dictadura, el 4 de octubre de 1984 la C\u00e1mara Federal en lo Criminal y Correccional de la Capital Federal tom\u00f3 la decisi\u00f3n de desplazar al tribunal militar que estaba enjuiciando a las Juntas para hacerse cargo directamente del juicio\u00bb.<\/p>\n\n\n\n<p>Sobre esa misma l\u00ednea, la diputada inform\u00f3 que \u00aben aquel momento el presidente de la Naci\u00f3n ten\u00eda a su cargo el cuerpo de Fiscales Federales, el fiscal de C\u00e1mara designado por Ra\u00fal Alfons\u00edn fue el Dr.&nbsp;<strong>Julio C\u00e9sar Strassera<\/strong>&nbsp;y su adjunto el Dr.&nbsp;<strong>Luis Gabriel Moreno Ocampo<\/strong>. El juicio se realiz\u00f3 entre el 22 de abril y el 14 de agosto de 1985. Se trataron 281 casos\u00bb.<\/p>\n\n\n\n<p>\u00abEl fiscal Strassera, en el juicio realiz\u00f3 de viva voz la acusaci\u00f3n p\u00fablica contra los dictadores, que constituye un documento hist\u00f3rico y una pieza fundamental en la defensa de los derechos humanos. Strassera cerr\u00f3 su alegato con una frase que resuena hasta el d\u00eda de hoy en todas las personas que defendemos los valores de la democracia: &#8216;se\u00f1ores jueces: quiero renunciar expresamente a toda pretensi\u00f3n de originalidad para cerrar esta requisitoria. Quiero utilizar una frase que no me pertenece, porque pertenece ya a todo el pueblo argentino. Se\u00f1ores jueces: Nunca m\u00e1s&#8217;\u201d, sentenci\u00f3.<\/p>\n\n\n\n<p>Parlamentario.com<\/p>\n","protected":false},"excerpt":{"rendered":"<p>Se trata de una iniciativa de la radical Aldana Crucitta (UCR-Ev) mediante la cu\u00e1l se buscar\u00e1 reconocer al fiscal por \u00absu valor, su servicio de justicia y su defensa ac\u00e9rrima del sistema democr\u00e1tico\u00bb. A d\u00edas de un nuevo aniversario del \u00faltimo golpe c\u00edvico &#8211; militar, la diputada de la Uni\u00f3n C\u00edvica Radical &#8211; Evoluci\u00f3n (UCR-Ev)&nbsp;Aldana [&hellip;]<\/p>\n","protected":false},"author":1,"featured_media":75408,"comment_status":"closed","ping_status":"closed","sticky":false,"template":"","format":"standard","meta":{"footnotes":""},"categories":[4],"tags":[],"class_list":["post-75407","post","type-post","status-publish","format-standard","has-post-thumbnail","hentry","category-politicia"],"_links":{"self":[{"href":"https:\/\/legislaturahoy.com\/index.php?rest_route=\/wp\/v2\/posts\/75407","targetHints":{"allow":["GET"]}}],"collection":[{"href":"https:\/\/legislaturahoy.com\/index.php?rest_route=\/wp\/v2\/posts"}],"about":[{"href":"https:\/\/legislaturahoy.com\/index.php?rest_route=\/wp\/v2\/types\/post"}],"author":[{"embeddable":true,"href":"https:\/\/legislaturahoy.com\/index.php?rest_route=\/wp\/v2\/users\/1"}],"replies":[{"embeddable":true,"href":"https:\/\/legislaturahoy.com\/index.php?rest_route=%2Fwp%2Fv2%2Fcomments&post=75407"}],"version-history":[{"count":1,"href":"https:\/\/legislaturahoy.com\/index.php?rest_route=\/wp\/v2\/posts\/75407\/revisions"}],"predecessor-version":[{"id":75409,"href":"https:\/\/legislaturahoy.com\/index.php?rest_route=\/wp\/v2\/posts\/75407\/revisions\/75409"}],"wp:featuredmedia":[{"embeddable":true,"href":"https:\/\/legislaturahoy.com\/index.php?rest_route=\/wp\/v2\/media\/75408"}],"wp:attachment":[{"href":"https:\/\/legislaturahoy.com\/index.php?rest_route=%2Fwp%2Fv2%2Fmedia&parent=75407"}],"wp:term":[{"taxonomy":"category","embeddable":true,"href":"https:\/\/legislaturahoy.com\/index.php?rest_route=%2Fwp%2Fv2%2Fcategories&post=75407"},{"taxonomy":"post_tag","embeddable":true,"href":"https:\/\/legislaturahoy.com\/index.php?rest_route=%2Fwp%2Fv2%2Ftags&post=75407"}],"curies":[{"name":"wp","href":"https:\/\/api.w.org\/{rel}","templated":true}]}}