{"id":75410,"date":"2026-03-06T12:19:23","date_gmt":"2026-03-06T12:19:23","guid":{"rendered":"https:\/\/legislaturahoy.com\/?p=75410"},"modified":"2026-03-06T12:19:24","modified_gmt":"2026-03-06T12:19:24","slug":"el-oficialismo-porteno-celebro-el-nombramiento-de-mahiques-como-ministro-de-justicia","status":"publish","type":"post","link":"https:\/\/legislaturahoy.com\/?p=75410","title":{"rendered":"El oficialismo porte\u00f1o celebr\u00f3 el nombramiento de Mahiques como ministro de Justicia"},"content":{"rendered":"\n<p>Desde VxM destacaron la trayectoria del flamante funcionario nacional y resaltaron la designaci\u00f3n de Mart\u00edn L\u00f3pez Zavaleta como el nuevo fiscal general de la Ciudad.<\/p>\n\n\n\n<p>Los diputados de Vamos por M\u00e1s (VxM) celebraron en las redes sociales la designaci\u00f3n del ex fiscal general de la Ciudad de Buenos Aires,&nbsp;<strong>Juan Bautista Mahiques<\/strong>, como ministro de Justicia, luego de la renuncia de<strong>&nbsp;Mariano C\u00faneo Libarona<\/strong>&nbsp;al frente de la cartera.<\/p>\n\n\n\n<p>En ese sentido,&nbsp;<strong>Laura Alonso<\/strong>&nbsp;(VxM) aprovech\u00f3 la ocasi\u00f3n para \u00abfelicitar al Dr. Juan B. Mahiques con quien compartimos cuatro a\u00f1os en el ministerio de Justicia de la Naci\u00f3n y se ha desempe\u00f1ado como un excelente Fiscal General de la Ciudad\u00bb.<\/p>\n\n\n\n<p>\u00abEl Dr.&nbsp;<strong>Mart\u00edn L\u00f3pez Zavaleta<\/strong>&nbsp;es un fiscal excelente y ha realizado una encomiable tarea en el Instituto Superior de Seguridad P\u00fablica porte\u00f1o. \u00a1Felicitaciones para \u00e9l tambi\u00e9n! \u00a1Una gran noticia para la institucionalidad porte\u00f1a!\u00bb, continu\u00f3 en relaci\u00f3n a quien lo reemplazar\u00e1 en el cargo.<\/p>\n\n\n\n<p>Sobre esa misma l\u00ednea,&nbsp;<strong>Gimena Villafruela<\/strong>&nbsp;(VxM) se\u00f1al\u00f3: \u00ab\u00a1Felicitaciones, Juan Bautista!&nbsp;Tu trayectoria y compromiso con una Justicia moderna y eficiente son garant\u00eda para esta nueva etapa como ministro de Justicia de la Naci\u00f3n\u00bb.<\/p>\n\n\n\n<p>Finalmente,&nbsp;<strong>Waldo Wolff<\/strong>&nbsp;(VxM) concluy\u00f3 destacando su designaci\u00f3n \u00abcomo nuevo ministro de Justicia de la Naci\u00f3n. Gran labor has hecho como Fiscal General de la Ciudad. Te deseo la mejor de las gestiones que redundar\u00e1 en un beneficio para todos los argentinos\u00bb.<\/p>\n\n\n\n<p>Parlamentario.com<\/p>\n","protected":false},"excerpt":{"rendered":"<p>Desde VxM destacaron la trayectoria del flamante funcionario nacional y resaltaron la designaci\u00f3n de Mart\u00edn L\u00f3pez Zavaleta como el nuevo fiscal general de la Ciudad. Los diputados de Vamos por M\u00e1s (VxM) celebraron en las redes sociales la designaci\u00f3n del ex fiscal general de la Ciudad de Buenos Aires,&nbsp;Juan Bautista Mahiques, como ministro de Justicia, [&hellip;]<\/p>\n","protected":false},"author":1,"featured_media":75411,"comment_status":"closed","ping_status":"closed","sticky":false,"template":"","format":"standard","meta":{"footnotes":""},"categories":[4],"tags":[],"class_list":["post-75410","post","type-post","status-publish","format-standard","has-post-thumbnail","hentry","category-politicia"],"_links":{"self":[{"href":"https:\/\/legislaturahoy.com\/index.php?rest_route=\/wp\/v2\/posts\/75410","targetHints":{"allow":["GET"]}}],"collection":[{"href":"https:\/\/legislaturahoy.com\/index.php?rest_route=\/wp\/v2\/posts"}],"about":[{"href":"https:\/\/legislaturahoy.com\/index.php?rest_route=\/wp\/v2\/types\/post"}],"author":[{"embeddable":true,"href":"https:\/\/legislaturahoy.com\/index.php?rest_route=\/wp\/v2\/users\/1"}],"replies":[{"embeddable":true,"href":"https:\/\/legislaturahoy.com\/index.php?rest_route=%2Fwp%2Fv2%2Fcomments&post=75410"}],"version-history":[{"count":1,"href":"https:\/\/legislaturahoy.com\/index.php?rest_route=\/wp\/v2\/posts\/75410\/revisions"}],"predecessor-version":[{"id":75412,"href":"https:\/\/legislaturahoy.com\/index.php?rest_route=\/wp\/v2\/posts\/75410\/revisions\/75412"}],"wp:featuredmedia":[{"embeddable":true,"href":"https:\/\/legislaturahoy.com\/index.php?rest_route=\/wp\/v2\/media\/75411"}],"wp:attachment":[{"href":"https:\/\/legislaturahoy.com\/index.php?rest_route=%2Fwp%2Fv2%2Fmedia&parent=75410"}],"wp:term":[{"taxonomy":"category","embeddable":true,"href":"https:\/\/legislaturahoy.com\/index.php?rest_route=%2Fwp%2Fv2%2Fcategories&post=75410"},{"taxonomy":"post_tag","embeddable":true,"href":"https:\/\/legislaturahoy.com\/index.php?rest_route=%2Fwp%2Fv2%2Ftags&post=75410"}],"curies":[{"name":"wp","href":"https:\/\/api.w.org\/{rel}","templated":true}]}}