{"id":75415,"date":"2026-03-09T13:12:21","date_gmt":"2026-03-09T13:12:21","guid":{"rendered":"https:\/\/legislaturahoy.com\/?p=75415"},"modified":"2026-03-09T13:12:23","modified_gmt":"2026-03-09T13:12:23","slug":"el-gobierno-activa-la-revision-de-pliegos-para-cubrir-mas-de-300-cargos-judiciales","status":"publish","type":"post","link":"https:\/\/legislaturahoy.com\/?p=75415","title":{"rendered":"El Gobierno activa la revisi\u00f3n de pliegos para cubrir m\u00e1s de 300 cargos judiciales"},"content":{"rendered":"\n<p>El Ministerio de Justicia inici\u00f3 la actualizaci\u00f3n de antecedentes penales, fiscales y patrimoniales de los candidatos a jueces, fiscales y defensores. Es el paso previo al env\u00edo de los pliegos que deber\u00e1 remitir el Presidente para cubrir 337 vacantes en el Poder Judicial.<\/p>\n\n\n\n<p>El flamante ministro de Justicia,&nbsp;<strong>Juan Bautista Mahiques<\/strong>, anunci\u00f3 este domingo que comenz\u00f3 un proceso integral de verificaci\u00f3n y actualizaci\u00f3n de los requisitos para avanzar en la cobertura de 200 vacantes de jueces, 72 de defensores y 65 de fiscales bajo la \u00f3rbita del Poder Ejecutivo. La medida se enmarca en lo dispuesto por el Decreto 588\/2003 y constituye el primer paso formal antes del procedimiento de selecci\u00f3n y del env\u00edo de pliegos que deber\u00e1 remitir el Presidente de la Naci\u00f3n.<\/p>\n\n\n\n<p>Seg\u00fan inform\u00f3 la cartera de Justicia mediante un comunicado oficial, el objetivo es \u201chabilitar\u201d a los candidatos y candidatas para continuar con las instancias posteriores, lo que incluye controles documentales, antecedentes y cumplimiento de obligaciones legales.<\/p>\n\n\n\n<p><strong>Actualizaci\u00f3n de antecedentes penales<\/strong><\/p>\n\n\n\n<p>Dentro del proceso, el Ministerio solicitar\u00e1 al Registro Nacional de Reincidencia la actualizaci\u00f3n de los antecedentes penales de todas las personas ternadas. El organismo centraliza la informaci\u00f3n penal de todo el pa\u00eds y certifica la existencia o inexistencia de causas o condenas vigentes.<\/p>\n\n\n\n<p>La actualizaci\u00f3n de antecedentes es un paso habitual en los concursos para magistrados, pero esta vez se realiza de manera simult\u00e1nea y masiva sobre m\u00e1s de 300 postulaciones.<\/p>\n\n\n\n<p>El comunicado tambi\u00e9n establece que se revisar\u00e1: la situaci\u00f3n patrimonial; el cumplimiento de obligaciones impositivas, y el estado de aportes previsionales de quienes eventualmente resulten propuestos.<\/p>\n\n\n\n<p>Estas verificaciones se llevar\u00e1n adelante en coordinaci\u00f3n con la Agencia de Recaudaci\u00f3n y Control Aduanero, para asegurar que la informaci\u00f3n econ\u00f3mica de los aspirantes est\u00e9 completa y actualizada.<\/p>\n\n\n\n<p>Con este procedimiento, el Gobierno pone en marcha una etapa administrativa central para avanzar en la nominaci\u00f3n de funcionarios judiciales en un escenario marcado por una alta cantidad de vacantes en juzgados, fiscal\u00edas y defensor\u00edas del pa\u00eds. Una vez concluida la revisi\u00f3n documental y legal, el Presidente estar\u00e1 en condiciones de enviar los pliegos al Senado para su tratamiento.<\/p>\n\n\n\n<p>Parlamentario.com<\/p>\n","protected":false},"excerpt":{"rendered":"<p>El Ministerio de Justicia inici\u00f3 la actualizaci\u00f3n de antecedentes penales, fiscales y patrimoniales de los candidatos a jueces, fiscales y defensores. Es el paso previo al env\u00edo de los pliegos que deber\u00e1 remitir el Presidente para cubrir 337 vacantes en el Poder Judicial. El flamante ministro de Justicia,&nbsp;Juan Bautista Mahiques, anunci\u00f3 este domingo que comenz\u00f3 [&hellip;]<\/p>\n","protected":false},"author":1,"featured_media":75416,"comment_status":"closed","ping_status":"closed","sticky":false,"template":"","format":"standard","meta":{"footnotes":""},"categories":[4],"tags":[],"class_list":["post-75415","post","type-post","status-publish","format-standard","has-post-thumbnail","hentry","category-politicia"],"_links":{"self":[{"href":"https:\/\/legislaturahoy.com\/index.php?rest_route=\/wp\/v2\/posts\/75415","targetHints":{"allow":["GET"]}}],"collection":[{"href":"https:\/\/legislaturahoy.com\/index.php?rest_route=\/wp\/v2\/posts"}],"about":[{"href":"https:\/\/legislaturahoy.com\/index.php?rest_route=\/wp\/v2\/types\/post"}],"author":[{"embeddable":true,"href":"https:\/\/legislaturahoy.com\/index.php?rest_route=\/wp\/v2\/users\/1"}],"replies":[{"embeddable":true,"href":"https:\/\/legislaturahoy.com\/index.php?rest_route=%2Fwp%2Fv2%2Fcomments&post=75415"}],"version-history":[{"count":1,"href":"https:\/\/legislaturahoy.com\/index.php?rest_route=\/wp\/v2\/posts\/75415\/revisions"}],"predecessor-version":[{"id":75417,"href":"https:\/\/legislaturahoy.com\/index.php?rest_route=\/wp\/v2\/posts\/75415\/revisions\/75417"}],"wp:featuredmedia":[{"embeddable":true,"href":"https:\/\/legislaturahoy.com\/index.php?rest_route=\/wp\/v2\/media\/75416"}],"wp:attachment":[{"href":"https:\/\/legislaturahoy.com\/index.php?rest_route=%2Fwp%2Fv2%2Fmedia&parent=75415"}],"wp:term":[{"taxonomy":"category","embeddable":true,"href":"https:\/\/legislaturahoy.com\/index.php?rest_route=%2Fwp%2Fv2%2Fcategories&post=75415"},{"taxonomy":"post_tag","embeddable":true,"href":"https:\/\/legislaturahoy.com\/index.php?rest_route=%2Fwp%2Fv2%2Ftags&post=75415"}],"curies":[{"name":"wp","href":"https:\/\/api.w.org\/{rel}","templated":true}]}}