{"id":75418,"date":"2026-03-09T13:14:36","date_gmt":"2026-03-09T13:14:36","guid":{"rendered":"https:\/\/legislaturahoy.com\/?p=75418"},"modified":"2026-03-09T13:14:37","modified_gmt":"2026-03-09T13:14:37","slug":"milei-sobre-el-kirchnerismo-no-me-voy-a-dejar-amedrentar-por-delincuentes-chorros-y-asesinos","status":"publish","type":"post","link":"https:\/\/legislaturahoy.com\/?p=75418","title":{"rendered":"Milei sobre el kirchnerismo: \u201cNo me voy a dejar amedrentar por delincuentes, chorros y asesinos\u201d"},"content":{"rendered":"\n<p>El presidente Javier Milei defendi\u00f3 su pol\u00e9mico discurso ante la Asamblea Legislativa y volvi\u00f3 a apuntar contra el kirchnerismo, al que acus\u00f3 de comportamientos \u201cgolpistas\u201d. Tambi\u00e9n carg\u00f3 contra empresarios, desestim\u00f3 internas dentro del Gobierno y reivindic\u00f3 su estilo de confrontaci\u00f3n al asegurar que no permitir\u00e1 que la oposici\u00f3n lo \u201cpase por arriba\u201d como \u2014dijo\u2014 ocurri\u00f3 con Mauricio Macri.<\/p>\n\n\n\n<p>En el marco de una entrevista que se difundi\u00f3 este domingo y algunas de cuyas frases ya hab\u00edan sido adelantadas en la semana, el presidente&nbsp;<strong>Javier Milei&nbsp;<\/strong>se refiri\u00f3 a su discurso de apertura de las sesiones ordinarias y apunt\u00f3 contra el kirchnerismo: \u201cA m\u00ed no me van a llevar puesto como lo hicieron con (<strong>Mauricio<\/strong>)&nbsp;<strong>Macri<\/strong>, yo no me voy a dejar amedrentar por delincuentes, chorros y asesinos\u201d, agreg\u00f3.<\/p>\n\n\n\n<p>Durante la entrevista que le hizo el periodista&nbsp;<strong>Luis Majul&nbsp;<\/strong>para&nbsp;<strong>La Naci\u00f3n+,&nbsp;<\/strong>el mandatario se mostr\u00f3 exultante respecto de su papel desempe\u00f1ado ante los legisladores opositores el domingo pasado, asegurando que no hab\u00eda sido \u00e9l quien empez\u00f3 la pelea dial\u00e9ctica que all\u00ed se dio. Asimismo, indic\u00f3 que \u201cno hab\u00eda nada planificado\u201d porque no puede premeditar las respuestas \u201cde sus enemigos pol\u00edticos\u201d.<\/p>\n\n\n\n<p>\u201cYo no empec\u00e9 con las agresiones, empezaron los 100 cavern\u00edcolas que no s\u00f3lo son ignorantes, sino maleducados y violentos. Al presidente Macri, a quien yo quiero y respeto se lo llevaron puesto a pesar de tener&nbsp; el manual de la perfecci\u00f3n. Yo no tengo problemas de lidiar ni con las formas ni con el contenido. Hay personas muy b\u00e1sicas, como otros periodistas, que no pueden discutir el contenido del discurso y se detienen en las formas\u201d, manifest\u00f3.<\/p>\n\n\n\n<p>Javier Milei sostuvo que \u201chubo un intento de golpe\u201d por parte de sectores de la oposici\u00f3n que, apunt\u00f3, comenz\u00f3 cuando La Libertad Avanza gan\u00f3 las elecciones de la Ciudad de Buenos Aires en mayo del a\u00f1o pasado.<\/p>\n\n\n\n<p>\u201cEn la pol\u00edtica hab\u00eda actitudes francamente golpistas, por ejemplo, el kirchnerismo vot\u00f3 40 leyes contra el equilibrio fiscal. Tambi\u00e9n hubo actitudes por parte de los medios y de los empresarios\u201d, expres\u00f3.<\/p>\n\n\n\n<p>Javier Milei carg\u00f3 contra&nbsp;<strong>Madanes Quintanilla<\/strong>&nbsp;y dijo que el empresario llam\u00f3 al Gobierno para \u201cmencionar que iba a tirar gente a la calle\u201d<\/p>\n\n\n\n<p>En referencia al conflicto por el cierre de la f\u00e1brica de neum\u00e1ticos Fate, Milei defini\u00f3 a Javier Madanes Quintanilla como \u201cun empresario prebendario y extorsionador\u201d.<\/p>\n\n\n\n<p>Al respecto, el mandatario sostuvo que la empresa de neum\u00e1ticos \u00abten\u00eda problemas hace a\u00f1os\u00bb y que \u00abera una pr\u00e1ctica apretar gobiernos\u00bb.<\/p>\n\n\n\n<p>\u00ab\u00bfUsted cree que no llam\u00f3 antes para mencionar que iba a tirar a la gente a la calle? Si claro, no a mi, pero a gente de mi gobierno\u00bb, expres\u00f3 adem\u00e1s Milei.<\/p>\n\n\n\n<p>El mandatario sostuvo que los empresarios Javier Madanes Quintanilla y&nbsp;<strong>Paolo Rocca<\/strong>&nbsp;\u201csiempre operaron en contra de su gobierno y asegur\u00f3 que \u201cnegociaban con el kirchnerismo\u201d.<\/p>\n\n\n\n<p>\u201cCuando el kirchnerismo insultaba a los empresarios no lo hac\u00eda para el bien de los argentinos, negociaba la coima, por eso a los empresarios les gustan los gobiernos como el de ellos. Por eso Paolo Rocca hac\u00eda odas a&nbsp;<strong>Sergio Massa<\/strong>\u201d, dijo en referencia al CEO de Techint y al exministro de Econom\u00eda.<\/p>\n\n\n\n<p>Javier Milei descart\u00f3 internas dentro del Gobierno y consider\u00f3 \u201cuna tonter\u00eda\u201d a las versiones que indican que \u201cgobierna&nbsp;<strong>Karina<\/strong>\u201d, su hermana y secretaria general de la Presidencia.<\/p>\n\n\n\n<p>\u201cCada uno de los ministerios trabaja para que Argentina sea el mejor del mundo. Podemos tener diferencias en c\u00f3mo hacerlo, pero se ponen las ideas sobre la mesa y el que demuestra que su idea es la mejo, se lleva a cabo.<\/p>\n\n\n\n<p>\u201cA m\u00ed no me importa tener la raz\u00f3n, me importa hacer lo correcto. El ego hay que dejarlo al costado. Lo importante es hacer lo que est\u00e1 bien y eso desde afuera puede haber sido visto como una interna y desde abajo, tambi\u00e9n\u201d, agreg\u00f3.<\/p>\n\n\n\n<p>Sobre el final del reportaje, volvi\u00f3 sobre su presentaci\u00f3n en el Congreso y dijo que al final de la cena en Olivos con diputados propios y aliados, se le acerc\u00f3 especialmente uno del Pro,&nbsp;<strong>Fernando de Andreis.&nbsp;<\/strong>\u201cLas palabras de Fernando fueron hermosas -asegur\u00f3-. \u00bfSabe lo que me dijo? Me dio las gracias por la paliza que les d\u00ed a los kukas\u2026 \u00bfSabe por qu\u00e9? Porque dijo: \u2018No sabe lo que fue tener que soportar a esta gente desde 2015 hasta 2019, y era hora que alguien los ponga en vereda\u2019\u201d.<\/p>\n\n\n\n<p>\u201cVea lo que le hicieron a Macri cuando iba al Congreso\u2026 Bueno, yo no me voy a dejar pasar por arriba. Yo tengo convicci\u00f3n, y sobre todas las cosas, coraje y agallas para enfrentarlos\u201d, cerr\u00f3 Milei.<\/p>\n\n\n\n<p>Parlamentario.com<\/p>\n","protected":false},"excerpt":{"rendered":"<p>El presidente Javier Milei defendi\u00f3 su pol\u00e9mico discurso ante la Asamblea Legislativa y volvi\u00f3 a apuntar contra el kirchnerismo, al que acus\u00f3 de comportamientos \u201cgolpistas\u201d. Tambi\u00e9n carg\u00f3 contra empresarios, desestim\u00f3 internas dentro del Gobierno y reivindic\u00f3 su estilo de confrontaci\u00f3n al asegurar que no permitir\u00e1 que la oposici\u00f3n lo \u201cpase por arriba\u201d como \u2014dijo\u2014 ocurri\u00f3 [&hellip;]<\/p>\n","protected":false},"author":1,"featured_media":75419,"comment_status":"closed","ping_status":"closed","sticky":false,"template":"","format":"standard","meta":{"footnotes":""},"categories":[4],"tags":[],"class_list":["post-75418","post","type-post","status-publish","format-standard","has-post-thumbnail","hentry","category-politicia"],"_links":{"self":[{"href":"https:\/\/legislaturahoy.com\/index.php?rest_route=\/wp\/v2\/posts\/75418","targetHints":{"allow":["GET"]}}],"collection":[{"href":"https:\/\/legislaturahoy.com\/index.php?rest_route=\/wp\/v2\/posts"}],"about":[{"href":"https:\/\/legislaturahoy.com\/index.php?rest_route=\/wp\/v2\/types\/post"}],"author":[{"embeddable":true,"href":"https:\/\/legislaturahoy.com\/index.php?rest_route=\/wp\/v2\/users\/1"}],"replies":[{"embeddable":true,"href":"https:\/\/legislaturahoy.com\/index.php?rest_route=%2Fwp%2Fv2%2Fcomments&post=75418"}],"version-history":[{"count":1,"href":"https:\/\/legislaturahoy.com\/index.php?rest_route=\/wp\/v2\/posts\/75418\/revisions"}],"predecessor-version":[{"id":75420,"href":"https:\/\/legislaturahoy.com\/index.php?rest_route=\/wp\/v2\/posts\/75418\/revisions\/75420"}],"wp:featuredmedia":[{"embeddable":true,"href":"https:\/\/legislaturahoy.com\/index.php?rest_route=\/wp\/v2\/media\/75419"}],"wp:attachment":[{"href":"https:\/\/legislaturahoy.com\/index.php?rest_route=%2Fwp%2Fv2%2Fmedia&parent=75418"}],"wp:term":[{"taxonomy":"category","embeddable":true,"href":"https:\/\/legislaturahoy.com\/index.php?rest_route=%2Fwp%2Fv2%2Fcategories&post=75418"},{"taxonomy":"post_tag","embeddable":true,"href":"https:\/\/legislaturahoy.com\/index.php?rest_route=%2Fwp%2Fv2%2Ftags&post=75418"}],"curies":[{"name":"wp","href":"https:\/\/api.w.org\/{rel}","templated":true}]}}