{"id":75434,"date":"2026-03-11T13:33:07","date_gmt":"2026-03-11T13:33:07","guid":{"rendered":"https:\/\/legislaturahoy.com\/?p=75434"},"modified":"2026-03-11T13:33:08","modified_gmt":"2026-03-11T13:33:08","slug":"el-senado-va-al-recinto-el-miercoles-18-por-el-pliego-de-mahiques-y-los-acuerdos-internacionales","status":"publish","type":"post","link":"https:\/\/legislaturahoy.com\/?p=75434","title":{"rendered":"El Senado va al recinto el mi\u00e9rcoles 18 por el pliego de Mahiques y los acuerdos internacionales"},"content":{"rendered":"\n<p>As\u00ed se resolvi\u00f3 tras una reuni\u00f3n de Labor Parlamentaria en el despacho presidencial de la C\u00e1mara alta, pero sin Victoria Villarruel, a cargo del Poder Ejecutivo. Uno de los tratados cuenta con media sanci\u00f3n de la C\u00e1mara de Diputados. El camino del pliego del juez federal y el antecedente de Ana Mar\u00eda Figueroa.<\/p>\n\n\n\n<p>En medio de un arranque aletargado del per\u00edodo ordinario, los presidentes de bloques de la C\u00e1mara alta se reunieron este martes por la tarde para avanzar en la organizaci\u00f3n de una sesi\u00f3n para el pr\u00f3ximo mi\u00e9rcoles 18 de marzo, en principio, a las 14. El encuentro dur\u00f3 poco m\u00e1s de una hora y se llev\u00f3 a cabo en el despacho presidencial del Senado.<\/p>\n\n\n\n<p>Adem\u00e1s de&nbsp;<strong>Bartolom\u00e9 Abdala<\/strong>, presidente provisional de la C\u00e1mara alta, estuvieron presentes&nbsp;<strong>Patricia Bullrich<\/strong>, jefa del bloque oficialista;&nbsp;<strong>Carlos Arce<\/strong>, por el Frente Renovador de Misiones;&nbsp;<strong>Natalia Gadano<\/strong>, por Movere por Santa Cruz;&nbsp;<strong>Beatriz \u00c1vila<\/strong>&nbsp;de Independencia;&nbsp;<strong>Julieta Corroza<\/strong>&nbsp;de La Neuquinidad; y tres representantes del interbloque Popular:&nbsp;<strong>Jos\u00e9 Mayans<\/strong>,&nbsp;<strong>Juliana di Tullio<\/strong>&nbsp;y&nbsp;<strong>Fernando Salino<\/strong>.<\/p>\n\n\n\n<p>Cabe recordar que la vicepresidenta de la Naci\u00f3n,&nbsp;<strong>Victoria Villarruel<\/strong>, se encuentra a cargo del Poder Ejecutivo Nacional por el viaje del presidente&nbsp;<strong>Javier Milei<\/strong>&nbsp;a Estados Unidos. Fue por esa raz\u00f3n por la que el encuentro estuvo encabezado por el puntano Abdala.<\/p>\n\n\n\n<p>Seg\u00fan constat\u00f3&nbsp;<strong>parlamentario.com<\/strong>, el primer tema a debatir en el recinto de la C\u00e1mara alta ser\u00e1 la extensi\u00f3n del mandato del juez federal&nbsp;<strong>Carlos Alberto Mahiques<\/strong>&nbsp;-padre del flamante ministro de Justicia de la Naci\u00f3n,&nbsp;<strong>Juan Bautista Mahiques<\/strong>&#8211; para extender la vocal\u00eda por cinco a\u00f1os, la cual ocupa desde 2018 en la C\u00e1mara Federal de Casaci\u00f3n Penal. El 1\u00b0 de noviembre, Coco Mahiques cumplir\u00e1 75 a\u00f1os.<\/p>\n\n\n\n<p>El pleno del Senado le dar\u00e1 ingreso en el recinto a la pr\u00f3rroga del juez federal y luego deber\u00e1 ser defendido en la Comisi\u00f3n de Acuerdos antes del pase a la firma. Carlos Mahiques deber\u00e1 presentarse a la audiencia p\u00fablica en la comisi\u00f3n que preside el riojano&nbsp;<strong>Juan Carlos Pagotto.<\/strong><\/p>\n\n\n\n<p>El \u00faltimo antecedente de pr\u00f3rroga por cinco a\u00f1os fue el de la jueza&nbsp;<strong>Ana Mar\u00eda Figueroa<\/strong>, quien se present\u00f3 en el Congreso y logr\u00f3 que su pliego se dictaminara, pero no lleg\u00f3 a tratarse antes de cumplir los 75 a\u00f1os, edad l\u00edmite establecida por la Constituci\u00f3n Nacional para ejercer la magistratura.<\/p>\n\n\n\n<p>El 6 de septiembre del 2023, la Corte Suprema de Justicia de la Naci\u00f3n fall\u00f3 en contra de la extensi\u00f3n del cargo que ocupaba en la C\u00e1mara Federal de Casaci\u00f3n Penal, un mes despu\u00e9s de que la magistrada cumpliera los 75 a\u00f1os el 6 de agosto de ese a\u00f1o.\u00a0De todas maneras,\u00a0el kirchnerismo llev\u00f3 el tema al recinto y se impuso con el\u00a0 desempate de\u00a0<strong>Cristina Kirchner\u00a0<\/strong>en la sesi\u00f3n del 28 de septiembre.<\/p>\n\n\n\n<p>Finalmente, el fallo del m\u00e1ximo tribunal de justicia qued\u00f3 firme, la jueza no volvi\u00f3&nbsp; a ocupar el cargo en la C\u00e1mara Federal de Casaci\u00f3n Penal y el puesto qued\u00f3 vacante.<\/p>\n\n\n\n<p>Fuentes legislativas presentes en el despacho ubicado en el primer piso del Senado adelantaron que \u201cva a ser una sesi\u00f3n corta\u201d. Dejaron en claro, al salir del encuentro, que no ser\u00e1 como en las sesiones que se dieron en el per\u00edodo extraordinario con duraciones superiores a las diez horas.<\/p>\n\n\n\n<p>Adem\u00e1s del pliego del magistrado, el temario estar\u00e1 comprendido por los acuerdos internacionales dictaminados este martes en el plenario de Presupuesto y Hacienda junto a Relaciones Exteriores y Culto. Se trata del protocolo de enmienda al convenio con el gobierno de la&nbsp;<strong>Rep\u00fablica Francesa<\/strong>, que tiene por objetivo eliminar la doble imposici\u00f3n y la prevenci\u00f3n de la evasi\u00f3n fiscal; y el Acuerdo sobre medidas de eliminaci\u00f3n de la pesca ilegal, no declarada y no reglamentada suscripto junto a la Rep\u00fablica Italiana.<\/p>\n\n\n\n<p>Finalmente, tambi\u00e9n estar\u00e1 en el temario de \u00f3rdenes el proyecto de ley que aprueba el convenio con la&nbsp;<strong>Rep\u00fablica de Austria<\/strong>&nbsp;para eliminar la doble imposici\u00f3n con respecto a los impuestos sobre la renta, el patrimonio, y la prevenci\u00f3n de la evasi\u00f3n y elusi\u00f3n fiscal. Este es el \u00fanico texto de los tres acuerdos que podr\u00eda quedar sancionado, ya que tiene media sanci\u00f3n de la C\u00e1mara de Diputados desde el 1ero. de octubre del 2024 por unanimidad.<\/p>\n\n\n\n<p><\/p>\n\n\n\n<p>Parlamentario.com<a href=\"https:\/\/www.facebook.com\/sharer\/sharer.php?u=https%3A%2F%2Fwww.parlamentario.com%2F2026%2F03%2F10%2Fel-senado-va-al-recinto-el-miercoles-18-por-el-pliego-de-mahiques-y-los-acuerdos-internacionales%2F\" target=\"_blank\" rel=\"noreferrer noopener\"><\/a><a href=\"https:\/\/x.com\/intent\/tweet?text=El%20Senado%20va%20al%20recinto%20el%20mi%C3%A9rcoles%2018%20por%20el%20pliego%20de%20Mahiques%20y%20los%20acuerdos%20internacionales&amp;url=https%3A%2F%2Fwww.parlamentario.com%2F2026%2F03%2F10%2Fel-senado-va-al-recinto-el-miercoles-18-por-el-pliego-de-mahiques-y-los-acuerdos-internacionales%2F&amp;via=elparlamentario\" target=\"_blank\" rel=\"noreferrer noopener\"><\/a><a href=\"https:\/\/api.whatsapp.com\/send?text=El%20Senado%20va%20al%20recinto%20el%20mi%C3%A9rcoles%2018%20por%20el%20pliego%20de%20Mahiques%20y%20los%20acuerdos%20internacionales+https%3A%2F%2Fwww.parlamentario.com%2F2026%2F03%2F10%2Fel-senado-va-al-recinto-el-miercoles-18-por-el-pliego-de-mahiques-y-los-acuerdos-internacionales%2F\" target=\"_blank\" rel=\"noreferrer noopener\"><\/a><\/p>\n","protected":false},"excerpt":{"rendered":"<p>As\u00ed se resolvi\u00f3 tras una reuni\u00f3n de Labor Parlamentaria en el despacho presidencial de la C\u00e1mara alta, pero sin Victoria Villarruel, a cargo del Poder Ejecutivo. Uno de los tratados cuenta con media sanci\u00f3n de la C\u00e1mara de Diputados. El camino del pliego del juez federal y el antecedente de Ana Mar\u00eda Figueroa. En medio [&hellip;]<\/p>\n","protected":false},"author":1,"featured_media":75435,"comment_status":"closed","ping_status":"closed","sticky":false,"template":"","format":"standard","meta":{"footnotes":""},"categories":[1],"tags":[],"class_list":["post-75434","post","type-post","status-publish","format-standard","has-post-thumbnail","hentry","category-noticias"],"_links":{"self":[{"href":"https:\/\/legislaturahoy.com\/index.php?rest_route=\/wp\/v2\/posts\/75434","targetHints":{"allow":["GET"]}}],"collection":[{"href":"https:\/\/legislaturahoy.com\/index.php?rest_route=\/wp\/v2\/posts"}],"about":[{"href":"https:\/\/legislaturahoy.com\/index.php?rest_route=\/wp\/v2\/types\/post"}],"author":[{"embeddable":true,"href":"https:\/\/legislaturahoy.com\/index.php?rest_route=\/wp\/v2\/users\/1"}],"replies":[{"embeddable":true,"href":"https:\/\/legislaturahoy.com\/index.php?rest_route=%2Fwp%2Fv2%2Fcomments&post=75434"}],"version-history":[{"count":1,"href":"https:\/\/legislaturahoy.com\/index.php?rest_route=\/wp\/v2\/posts\/75434\/revisions"}],"predecessor-version":[{"id":75436,"href":"https:\/\/legislaturahoy.com\/index.php?rest_route=\/wp\/v2\/posts\/75434\/revisions\/75436"}],"wp:featuredmedia":[{"embeddable":true,"href":"https:\/\/legislaturahoy.com\/index.php?rest_route=\/wp\/v2\/media\/75435"}],"wp:attachment":[{"href":"https:\/\/legislaturahoy.com\/index.php?rest_route=%2Fwp%2Fv2%2Fmedia&parent=75434"}],"wp:term":[{"taxonomy":"category","embeddable":true,"href":"https:\/\/legislaturahoy.com\/index.php?rest_route=%2Fwp%2Fv2%2Fcategories&post=75434"},{"taxonomy":"post_tag","embeddable":true,"href":"https:\/\/legislaturahoy.com\/index.php?rest_route=%2Fwp%2Fv2%2Ftags&post=75434"}],"curies":[{"name":"wp","href":"https:\/\/api.w.org\/{rel}","templated":true}]}}