{"id":75441,"date":"2026-03-12T14:33:49","date_gmt":"2026-03-12T14:33:49","guid":{"rendered":"https:\/\/legislaturahoy.com\/?p=75441"},"modified":"2026-03-12T14:33:50","modified_gmt":"2026-03-12T14:33:50","slug":"exigen-informacion-sobre-la-puesta-en-valor-de-las-estaciones-del-subte","status":"publish","type":"post","link":"https:\/\/legislaturahoy.com\/?p=75441","title":{"rendered":"Exigen informaci\u00f3n sobre la puesta en valor de las estaciones del subte"},"content":{"rendered":"\n<p>Desde FxBA pidieron conocer los planes de modernizaci\u00f3n de las distintas estaciones y se mostraron preocupados por la falta de cumplimiento de los plazos acordados para las obras.<\/p>\n\n\n\n<p>Desde Fuerza por Buenos Aires (FxBA) impulsaron en la Legislatura de la Ciudad Aut\u00f3noma de Buenos Aires un proyecto de resoluci\u00f3n mediante el cu\u00e1l le exigir\u00e1n a la gesti\u00f3n de Jorge Macri que les brinde informaci\u00f3n respecto de la puesta en valor de las estaciones del subte, licitadas y\/o ejecutadas bajo la \u00f3rbita de Subterr\u00e1neos de Buenos Aires Sociedad del Estado (SBASE) durante el per\u00edodo 2023- 2026.<\/p>\n\n\n\n<p>De esta manera, los peronistas pidieron que se informe \u00abel diagn\u00f3stico t\u00e9cnico preliminar que sustenta las intervenciones licitadas en el marco del plan, detallando los indicadores objetivos, par\u00e1metros t\u00e9cnicos y criterios metodol\u00f3gicos utilizados para determinar la necesidad, oportunidad y prioridad de cada una de las obras proyectadas\u00bb; as\u00ed como tambi\u00e9n que se detalle \u00absi el proceso de planificaci\u00f3n correspondiente al plan referido, ha contado con la intervenci\u00f3n, participaci\u00f3n o dictamen t\u00e9cnico de otras \u00e1reas del Gobierno de la Ciudad\u00bb.<\/p>\n\n\n\n<p>Adem\u00e1s, prev\u00e9n conocer \u00absi los proyectos correspondientes a las distintas estaciones encuentran fundamento en un Manual, Documento Rector, Gu\u00eda T\u00e9cnica o instrumento equivalente de Dise\u00f1o de Estaciones que establezca y\/o estandarice los criterios funcionales, espaciales, f\u00edsicos y materiales, as\u00ed como los vinculados a accesibilidad, seguridad y se\u00f1al\u00e9tica, y los lineamientos conceptuales aplicables a las respectivas l\u00edneas de subterr\u00e1neo\u00bb.<\/p>\n\n\n\n<p>Tambi\u00e9n exigieron que se detalle si la puesta en valor incluye el ensanchamiento de pasarelas y andenes, con el objeto de optimizar los flujos peatonales y prevenir situaciones de aglomeraci\u00f3n en horas pico; la instalaci\u00f3n de ascensores de acceso universales; la incorporaci\u00f3n de de escaleras mec\u00e1nicas dotadas de sistemas de activaci\u00f3n por sensor de movimiento \/ dispositivos de eficiencia energ\u00e9tica; la modernizaci\u00f3n de sistemas de videovigilancia, con especificaci\u00f3n de cobertura, tecnolog\u00eda implementada y centro de monitoreo; entre otros puntos.<\/p>\n\n\n\n<p>\u00abLa red de subterr\u00e1neos constituye un servicio p\u00fablico esencial para la movilidad urbana y un componente estrat\u00e9gico del sistema de transporte de la Ciudad, utilizado diariamente por cientos de miles de personas. Las intervenciones en estaciones implican inversiones significativas de recursos p\u00fablicos y tienen impacto directo en la seguridad, accesibilidad, calidad y continuidad del servicio\u00bb, sostuvieron los diputados en los fundamentos de la iniciativa.<\/p>\n\n\n\n<p>Al mismo tiempo que advirtieron que \u00ablos valores de adjudicaci\u00f3n y los plazos de suspensi\u00f3n o cierre de estaciones no se condicen, en determinados casos, con el alcance y la calidad de las obras ejecutadas; las que parecen, en ocasiones, orientadas prioritariamente a la mejora est\u00e9tica o a la recuperaci\u00f3n superficial de infraestructura deteriorada (con resultados dispares), sin abordar integralmente problem\u00e1ticas estructurales vinculadas a flujos de circulaci\u00f3n, accesibilidad universal, dimensiones funcionales, condiciones de confort, ventilaci\u00f3n, ac\u00fastica, y dem\u00e1s variables que inciden en la calidad del servicio\u00bb.<\/p>\n\n\n\n<p>\u00abAsimismo, resulta llamativa la ausencia de referencias expl\u00edcitas a un diagn\u00f3stico t\u00e9cnico preliminar que establezca indicadores objetivos de necesidad y priorizaci\u00f3n de intervenciones, as\u00ed como la inexistencia de un Manual o Documento Rector de Dise\u00f1o de Estaciones que estandarice criterios funcionales, f\u00edsicos y materiales, y que oriente conceptualmente las obras licitadas en el marco del Plan\u00bb, completaron.<\/p>\n\n\n\n<p>Parlamentario.com<a href=\"https:\/\/www.facebook.com\/sharer\/sharer.php?u=https%3A%2F%2Fwww.parlamentario.com%2F2026%2F03%2F12%2Fexigen-informacion-sobre-la-puesta-en-valor-de-las-estaciones-del-subte%2F\" target=\"_blank\" rel=\"noreferrer noopener\"><\/a><a href=\"https:\/\/x.com\/intent\/tweet?text=Exigen%20informaci%C3%B3n%20sobre%20la%20puesta%20en%20valor%20de%20las%20estaciones%20del%20subte&amp;url=https%3A%2F%2Fwww.parlamentario.com%2F2026%2F03%2F12%2Fexigen-informacion-sobre-la-puesta-en-valor-de-las-estaciones-del-subte%2F&amp;via=elparlamentario\" target=\"_blank\" rel=\"noreferrer noopener\"><\/a><a href=\"https:\/\/api.whatsapp.com\/send?text=Exigen%20informaci%C3%B3n%20sobre%20la%20puesta%20en%20valor%20de%20las%20estaciones%20del%20subte+https%3A%2F%2Fwww.parlamentario.com%2F2026%2F03%2F12%2Fexigen-informacion-sobre-la-puesta-en-valor-de-las-estaciones-del-subte%2F\" target=\"_blank\" rel=\"noreferrer noopener\"><\/a><\/p>\n","protected":false},"excerpt":{"rendered":"<p>Desde FxBA pidieron conocer los planes de modernizaci\u00f3n de las distintas estaciones y se mostraron preocupados por la falta de cumplimiento de los plazos acordados para las obras. Desde Fuerza por Buenos Aires (FxBA) impulsaron en la Legislatura de la Ciudad Aut\u00f3noma de Buenos Aires un proyecto de resoluci\u00f3n mediante el cu\u00e1l le exigir\u00e1n a [&hellip;]<\/p>\n","protected":false},"author":1,"featured_media":75442,"comment_status":"closed","ping_status":"closed","sticky":false,"template":"","format":"standard","meta":{"footnotes":""},"categories":[4],"tags":[],"class_list":["post-75441","post","type-post","status-publish","format-standard","has-post-thumbnail","hentry","category-politicia"],"_links":{"self":[{"href":"https:\/\/legislaturahoy.com\/index.php?rest_route=\/wp\/v2\/posts\/75441","targetHints":{"allow":["GET"]}}],"collection":[{"href":"https:\/\/legislaturahoy.com\/index.php?rest_route=\/wp\/v2\/posts"}],"about":[{"href":"https:\/\/legislaturahoy.com\/index.php?rest_route=\/wp\/v2\/types\/post"}],"author":[{"embeddable":true,"href":"https:\/\/legislaturahoy.com\/index.php?rest_route=\/wp\/v2\/users\/1"}],"replies":[{"embeddable":true,"href":"https:\/\/legislaturahoy.com\/index.php?rest_route=%2Fwp%2Fv2%2Fcomments&post=75441"}],"version-history":[{"count":1,"href":"https:\/\/legislaturahoy.com\/index.php?rest_route=\/wp\/v2\/posts\/75441\/revisions"}],"predecessor-version":[{"id":75443,"href":"https:\/\/legislaturahoy.com\/index.php?rest_route=\/wp\/v2\/posts\/75441\/revisions\/75443"}],"wp:featuredmedia":[{"embeddable":true,"href":"https:\/\/legislaturahoy.com\/index.php?rest_route=\/wp\/v2\/media\/75442"}],"wp:attachment":[{"href":"https:\/\/legislaturahoy.com\/index.php?rest_route=%2Fwp%2Fv2%2Fmedia&parent=75441"}],"wp:term":[{"taxonomy":"category","embeddable":true,"href":"https:\/\/legislaturahoy.com\/index.php?rest_route=%2Fwp%2Fv2%2Fcategories&post=75441"},{"taxonomy":"post_tag","embeddable":true,"href":"https:\/\/legislaturahoy.com\/index.php?rest_route=%2Fwp%2Fv2%2Ftags&post=75441"}],"curies":[{"name":"wp","href":"https:\/\/api.w.org\/{rel}","templated":true}]}}