{"id":75444,"date":"2026-03-12T14:34:27","date_gmt":"2026-03-12T14:34:27","guid":{"rendered":"https:\/\/legislaturahoy.com\/?p=75444"},"modified":"2026-03-12T14:34:27","modified_gmt":"2026-03-12T14:34:27","slug":"avanzan-las-negociaciones-por-el-reparto-de-las-comisiones-en-la-legislatura-portena","status":"publish","type":"post","link":"https:\/\/legislaturahoy.com\/?p=75444","title":{"rendered":"Avanzan las negociaciones por el reparto de las comisiones en la Legislatura porte\u00f1a"},"content":{"rendered":"\n<p>Los diputados de las diferentes bancadas contin\u00faan trabajando en el armado de esos espacios de debate. Mientras el oficialismo se quedar\u00eda con Presupuesto, desde LLA conducir\u00edan las comisiones relacionadas a justicia y el peronismo las de \u00e1reas sociales.<\/p>\n\n\n\n<p>A dos semanas del inicio del a\u00f1o parlamentario y en un contexto sumamente tenso, los diferentes bloques que componen la Legislatura de la Ciudad Aut\u00f3noma de Buenos Aires contin\u00faan negociando el reparto de las comisiones y&nbsp; Vamos por M\u00e1s (VxM) logar\u00eda retener la que m\u00e1s le interesa: la de Presupuesto.<\/p>\n\n\n\n<p>Tal y como adelant\u00f3&nbsp;<strong>parlamentario.com<\/strong>&nbsp;d\u00edas atr\u00e1s, tanto La Libertad Avanza (LLA) como Fuerza por Buenos Aires (FxBA) presionan al oficialismo local para ceder algunas de las m\u00e1s importantes. Es que con la reciente incorporaci\u00f3n de&nbsp;<strong>Sandra Rey<\/strong>&nbsp;a LLA, &nbsp;la distribuci\u00f3n de las bancas en el Parlamento porte\u00f1o qued\u00f3 de la siguiente manera: 20 esca\u00f1os para FxBA; 14 para los libertarios; Vamos por M\u00e1s (VxM) cuenta con 11; Confianza y Desarrollo (CyD) con seis; la Uni\u00f3n C\u00edvica Radical &#8211; Evoluci\u00f3n (UCR-Ev) con cinco; y las cuatro restantes se reparten en la izquierda y exlibertarios.<\/p>\n\n\n\n<p>Este reparto de esca\u00f1os hizo que los bloques conducidos por&nbsp;<strong>Pilar Ram\u00edrez<\/strong>&nbsp;(LLA) y&nbsp;<strong>Claudia Neira<\/strong>&nbsp;(FxBA) hicieran prevalecer su crecimiento y exigieran una distribuci\u00f3n m\u00e1s acorde de las comisiones.<\/p>\n\n\n\n<p>Y si bien la decisi\u00f3n a\u00fan no fue oficializada, el peronismo se quedar\u00eda con la presidencia de las comisiones que poseen mayor injerencia a nivel local: Educaci\u00f3n; Vivienda; Ambiente; Consumidores y Usuarios; la Junta de \u00c9tica; Turismo y Deportes; Derechos Humanos, Ni\u00f1ez, Juventud y Adolescencia; Pol\u00edticas de Promoci\u00f3n y Discapacidad.<\/p>\n\n\n\n<p>Mientras que los libertarios har\u00edan lo propio con Justicia; Asuntos Constitucionales; Desarrollo Econ\u00f3mico; Relaciones Interjurisdiccionales; Cultura; Descentralizaci\u00f3n; Reforma Pol\u00edtica y Organismos de Control.<\/p>\n\n\n\n<p>Ante este panorama, desde VxM habr\u00edan tenido que ceder espacios importantes para quedarse con la comisi\u00f3n de Presupuesto, una herramienta legislativa sumamente valiosa para el jefe de Gobierno porte\u00f1o,&nbsp;<strong>Jorge Macri<\/strong>.<\/p>\n\n\n\n<p>En tanto Confianza y Desarrollo (CyD), el espacio liderado por&nbsp;<strong>Horacio Rodr\u00edguez Larreta<\/strong>&nbsp;y&nbsp;<strong>Graciela Oca\u00f1a<\/strong>, se quedar\u00eda con las de Planeamiento Urbano; Personas Mayores y Discapacidad.<\/p>\n\n\n\n<p>Parlamentario.com<\/p>\n","protected":false},"excerpt":{"rendered":"<p>Los diputados de las diferentes bancadas contin\u00faan trabajando en el armado de esos espacios de debate. Mientras el oficialismo se quedar\u00eda con Presupuesto, desde LLA conducir\u00edan las comisiones relacionadas a justicia y el peronismo las de \u00e1reas sociales. A dos semanas del inicio del a\u00f1o parlamentario y en un contexto sumamente tenso, los diferentes bloques [&hellip;]<\/p>\n","protected":false},"author":1,"featured_media":75445,"comment_status":"closed","ping_status":"closed","sticky":false,"template":"","format":"standard","meta":{"footnotes":""},"categories":[4],"tags":[],"class_list":["post-75444","post","type-post","status-publish","format-standard","has-post-thumbnail","hentry","category-politicia"],"_links":{"self":[{"href":"https:\/\/legislaturahoy.com\/index.php?rest_route=\/wp\/v2\/posts\/75444","targetHints":{"allow":["GET"]}}],"collection":[{"href":"https:\/\/legislaturahoy.com\/index.php?rest_route=\/wp\/v2\/posts"}],"about":[{"href":"https:\/\/legislaturahoy.com\/index.php?rest_route=\/wp\/v2\/types\/post"}],"author":[{"embeddable":true,"href":"https:\/\/legislaturahoy.com\/index.php?rest_route=\/wp\/v2\/users\/1"}],"replies":[{"embeddable":true,"href":"https:\/\/legislaturahoy.com\/index.php?rest_route=%2Fwp%2Fv2%2Fcomments&post=75444"}],"version-history":[{"count":1,"href":"https:\/\/legislaturahoy.com\/index.php?rest_route=\/wp\/v2\/posts\/75444\/revisions"}],"predecessor-version":[{"id":75446,"href":"https:\/\/legislaturahoy.com\/index.php?rest_route=\/wp\/v2\/posts\/75444\/revisions\/75446"}],"wp:featuredmedia":[{"embeddable":true,"href":"https:\/\/legislaturahoy.com\/index.php?rest_route=\/wp\/v2\/media\/75445"}],"wp:attachment":[{"href":"https:\/\/legislaturahoy.com\/index.php?rest_route=%2Fwp%2Fv2%2Fmedia&parent=75444"}],"wp:term":[{"taxonomy":"category","embeddable":true,"href":"https:\/\/legislaturahoy.com\/index.php?rest_route=%2Fwp%2Fv2%2Fcategories&post=75444"},{"taxonomy":"post_tag","embeddable":true,"href":"https:\/\/legislaturahoy.com\/index.php?rest_route=%2Fwp%2Fv2%2Ftags&post=75444"}],"curies":[{"name":"wp","href":"https:\/\/api.w.org\/{rel}","templated":true}]}}