{"id":75452,"date":"2026-03-13T11:22:19","date_gmt":"2026-03-13T11:22:19","guid":{"rendered":"https:\/\/legislaturahoy.com\/?p=75452"},"modified":"2026-03-13T11:22:21","modified_gmt":"2026-03-13T11:22:21","slug":"villarruel-llevo-a-la-justicia-su-pelea-con-petri-y-lo-denuncio-por-calumnias-tras-llamarla-golpista","status":"publish","type":"post","link":"https:\/\/legislaturahoy.com\/?p=75452","title":{"rendered":"Villarruel llev\u00f3 a la Justicia su pelea con Petri y lo denunci\u00f3 por calumnias tras llamarla \u201cgolpista\u201d"},"content":{"rendered":"\n<p>La vicepresidenta present\u00f3 una querella en los tribunales federales contra el diputado mendocino por acusarla de \u201capostar al fracaso del Gobierno\u201d y de actuar como una alternativa presidencial. En la denuncia incluy\u00f3 las expresiones televisivas y los posteos en los que el legislador la calific\u00f3 de \u201cgolpista\u201d.<\/p>\n\n\n\n<p>La tensi\u00f3n interna del oficialismo dio un salto a los tribunales. La vicepresidenta&nbsp;<strong>Victoria Villarruel<\/strong>&nbsp;denunci\u00f3 penalmente al diputado nacional&nbsp;<strong>Luis Petri<\/strong>&nbsp;por calumnias e injurias, luego de que el exministro de Defensa la acusara p\u00fablicamente de haber \u201capostado al fracaso del Gobierno\u201d, de haberse \u201cofrecido como alternativa\u201d al Presidente y, finalmente, de ser \u201cgolpista\u201d. La presentaci\u00f3n qued\u00f3 radicada en el fuero criminal y correccional federal, donde Villarruel pidi\u00f3 ser tenida como querellante y sostuvo que los dichos del legislador constituyen agravios que lesionan su honor y su rol institucional.<\/p>\n\n\n\n<p>El conflicto se origin\u00f3 tras la Asamblea Legislativa del 1\u00b0 de marzo, cuando Petri interpret\u00f3 que el breve momento en que la vicepresidenta utiliz\u00f3 su celular durante el discurso presidencial ilustraba una conducta que, seg\u00fan dijo, \u201cno sorprende, porque ha estado fuera de lugar dos a\u00f1os\u201d. En una entrevista con&nbsp;<strong>TN<\/strong>, el diputado afirm\u00f3 que Villarruel \u201cfue funcional a la oposici\u00f3n\u201d, que habr\u00eda pensado en ocupar la Presidencia y que \u201cabri\u00f3 el Senado para que la oposici\u00f3n hiciera de las suyas tratando de quebrar el programa econ\u00f3mico\u201d. Ante la pregunta directa sobre si la vicepresidenta era \u201cgolpista\u201d, respondi\u00f3 con un gesto afirmativo y sostuvo que \u201capost\u00f3 al fracaso del Gobierno\u201d.<\/p>\n\n\n\n<p>La denuncia incluye la transcripci\u00f3n completa de esas declaraciones. Seg\u00fan consta en el escrito presentado en Comodoro Py, Petri afirm\u00f3 que \u201ccuando vos te ofrec\u00e9s a la oposici\u00f3n para ser una alternativa, siendo parte de un gobierno y de la sucesi\u00f3n presidencial, \u00bfqu\u00e9 sos?\u201d, y que \u201cno ha apoyado al gobierno, al contrario, ha apostado a su fracaso, y apostar a su fracaso estando segunda en la l\u00ednea de sucesi\u00f3n, \u00bfen qu\u00e9 te transforma?\u201d. Para Villarruel, esas manifestaciones no constituyen un an\u00e1lisis pol\u00edtico, sino \u201cagravios, mentiras, inventos e informaci\u00f3n absolutamente falsa, calumniante y lesiva\u201d.<\/p>\n\n\n\n<p>El cruce se intensific\u00f3 en redes sociales, donde la vicepresidenta cuestion\u00f3 la gesti\u00f3n de Petri al frente de la obra social militar. \u201cPreocupante que no responda a\u00fan por el vac\u00edo que dej\u00f3 en Iosfa y qu\u00e9 hizo su funcionario mendocino\u201d, escribi\u00f3, y a\u00f1adi\u00f3 que antes de hablar \u201ccomo una vecina chusma\u201d deber\u00eda explicar la situaci\u00f3n de la instituci\u00f3n. La respuesta del diputado fue el posteo que deton\u00f3 la acci\u00f3n judicial: \u201cA vos te conozco por golpista\u201d.<\/p>\n\n\n\n<p>La vicepresidenta sostiene en su denuncia que esa imputaci\u00f3n reviste una gravedad inusitada por su condici\u00f3n de titular del Senado. \u201cEs grav\u00edsimo. Acusan a la titular del Poder Legislativo de instar un golpe de Estado contra el Poder Ejecutivo\u201d, se\u00f1ala el escrito, que considera que la campa\u00f1a medi\u00e1tica atribuida a Petri tiene por finalidad \u201csocavar\u201d su funci\u00f3n y generar un desgaste institucional. Tambi\u00e9n incorpora la referencia al art\u00edculo 226 bis del C\u00f3digo Penal, al entender que los dichos aluden a conductas vinculadas a atentados contra el orden constitucional.<\/p>\n\n\n\n<p>Villarruel menciona adem\u00e1s que las declaraciones del diputado fueron replicadas por distintos medios y viralizadas en redes sociales, multiplicando el da\u00f1o. \u201cLa potencia de divulgaci\u00f3n de las redes sociales resulta exponencial\u201d, remarca en el documento, donde advierte que la acusaci\u00f3n de \u201cgolpista\u201d excede el marco de la libertad de expresi\u00f3n, pues se presenta \u201ccomo una verdad irrefutable\u201d sin aportar prueba alguna.<\/p>\n\n\n\n<p>La presentaci\u00f3n tambi\u00e9n alude al contexto pol\u00edtico que rode\u00f3 las declaraciones, recordando que incluso fuentes oficiales hab\u00edan reconocido no tener \u201cuna prueba concreta\u201d sobre la existencia de un intento de golpe. Para la vicepresidenta, ese reconocimiento vuelve a\u00fan m\u00e1s infundada la imputaci\u00f3n hecha por Petri y confirma que se trat\u00f3 de una maniobra destinada a da\u00f1arla pol\u00edticamente.<\/p>\n\n\n\n<p>En paralelo al tr\u00e1mite judicial, Villarruel trat\u00f3 inicialmente de restarle dramatismo al enfrentamiento cuando fue consultada por la prensa, pero en redes sociales rechaz\u00f3 la posibilidad de renunciar: \u201cEso quieren. Mi renuncia. Pero no se les va a dar. El 10\/12\/27 hasta esa fecha ocupo con honestidad mi cargo\u201d.<\/p>\n\n\n\n<p>Parlamentario.com<\/p>\n","protected":false},"excerpt":{"rendered":"<p>La vicepresidenta present\u00f3 una querella en los tribunales federales contra el diputado mendocino por acusarla de \u201capostar al fracaso del Gobierno\u201d y de actuar como una alternativa presidencial. En la denuncia incluy\u00f3 las expresiones televisivas y los posteos en los que el legislador la calific\u00f3 de \u201cgolpista\u201d. La tensi\u00f3n interna del oficialismo dio un salto [&hellip;]<\/p>\n","protected":false},"author":1,"featured_media":75453,"comment_status":"closed","ping_status":"closed","sticky":false,"template":"","format":"standard","meta":{"footnotes":""},"categories":[4],"tags":[],"class_list":["post-75452","post","type-post","status-publish","format-standard","has-post-thumbnail","hentry","category-politicia"],"_links":{"self":[{"href":"https:\/\/legislaturahoy.com\/index.php?rest_route=\/wp\/v2\/posts\/75452","targetHints":{"allow":["GET"]}}],"collection":[{"href":"https:\/\/legislaturahoy.com\/index.php?rest_route=\/wp\/v2\/posts"}],"about":[{"href":"https:\/\/legislaturahoy.com\/index.php?rest_route=\/wp\/v2\/types\/post"}],"author":[{"embeddable":true,"href":"https:\/\/legislaturahoy.com\/index.php?rest_route=\/wp\/v2\/users\/1"}],"replies":[{"embeddable":true,"href":"https:\/\/legislaturahoy.com\/index.php?rest_route=%2Fwp%2Fv2%2Fcomments&post=75452"}],"version-history":[{"count":1,"href":"https:\/\/legislaturahoy.com\/index.php?rest_route=\/wp\/v2\/posts\/75452\/revisions"}],"predecessor-version":[{"id":75454,"href":"https:\/\/legislaturahoy.com\/index.php?rest_route=\/wp\/v2\/posts\/75452\/revisions\/75454"}],"wp:featuredmedia":[{"embeddable":true,"href":"https:\/\/legislaturahoy.com\/index.php?rest_route=\/wp\/v2\/media\/75453"}],"wp:attachment":[{"href":"https:\/\/legislaturahoy.com\/index.php?rest_route=%2Fwp%2Fv2%2Fmedia&parent=75452"}],"wp:term":[{"taxonomy":"category","embeddable":true,"href":"https:\/\/legislaturahoy.com\/index.php?rest_route=%2Fwp%2Fv2%2Fcategories&post=75452"},{"taxonomy":"post_tag","embeddable":true,"href":"https:\/\/legislaturahoy.com\/index.php?rest_route=%2Fwp%2Fv2%2Ftags&post=75452"}],"curies":[{"name":"wp","href":"https:\/\/api.w.org\/{rel}","templated":true}]}}