{"id":75460,"date":"2026-03-16T14:39:58","date_gmt":"2026-03-16T14:39:58","guid":{"rendered":"https:\/\/legislaturahoy.com\/?p=75460"},"modified":"2026-03-16T14:40:12","modified_gmt":"2026-03-16T14:40:12","slug":"piden-que-la-legislatura-exprese-su-preocupacion-por-la-concesion-de-los-medios-publicos-de-la-ciudad","status":"publish","type":"post","link":"https:\/\/legislaturahoy.com\/?p=75460","title":{"rendered":"Piden que la Legislatura exprese su \u00abpreocupaci\u00f3n\u00bb por la concesi\u00f3n de los medios p\u00fablicos de la Ciudad"},"content":{"rendered":"\n<p>Desde FxBA aseveraron que esta decisi\u00f3n \u00abimplica debilitar el sistema de comunicaci\u00f3n p\u00fablica de la Ciudad, afectar su patrimonio cultural y generar incertidumbre sobre la continuidad laboral de trabajadores\u00bb.<\/p>\n\n\n\n<p>Luego de que el jefe de Gobierno de la Ciudad,&nbsp;<strong>Jorge Macri<\/strong>, anunciara que buscar\u00e1 avanzar con la concesi\u00f3n de los<br \/>medios p\u00fablicos porte\u00f1os, los legisladores de Fuerza por Buenos Aires (FxBA) pidieron a la Legislatura local que exprese su \u00abprofunda preocupaci\u00f3n\u00bb ante esta decisi\u00f3n del Poder Ejecutivo.<\/p>\n\n\n\n<p>Seg\u00fan lo anunciado p\u00fablicamente, el Gobierno de la Ciudad analiza desprenderse de la gesti\u00f3n del Canal de la Ciudad, Radio de la Ciudad AM 1110 \u201cLa Once Diez\u201d y la emisora FM 92.7 \u201cLa 2&#215;4\u201d, medios que hist\u00f3ricamente han cumplido un rol cultural, informativo y de servicio p\u00fablico para los vecinos.<\/p>\n\n\n\n<p>\u00abLos medios p\u00fablicos cumplen una funci\u00f3n esencial en cualquier sistema democr\u00e1tico: garantizan el acceso a informaci\u00f3n de inter\u00e9s p\u00fablico, promueven la pluralidad de voces, difunden la cultura local y brindan cobertura a actividades culturales, educativas y comunitarias que dif\u00edcilmente encuentran espacio en los medios comerciales\u00bb, advirtieron desde FxBA e indicaron que \u00abesta decisi\u00f3n genera una fuerte preocupaci\u00f3n respecto del futuro laboral de los trabajadores y trabajadoras que actualmente se desempe\u00f1an en estos medios. La eventual privatizaci\u00f3n de los mismos abre interrogantes sobre la continuidad de numerosos puestos de trabajo, las condiciones laborales y la preservaci\u00f3n de equipos profesionales que durante a\u00f1os han desarrollado contenidos culturales y period\u00edsticos de valor p\u00fablico\u00bb.<\/p>\n\n\n\n<p>Finalmente, los diputados aseveraron que \u00abmientras se cuestiona el financiamiento de medios culturales e informativos de acceso p\u00fablico permanente, el propio Gobierno de la Ciudad compromete recursos millonarios para eventos deportivos de corta duraci\u00f3n y alto impacto publicitario\u00bb.<\/p>\n\n\n\n<p>\u00abEsta Legislatura no puede permanecer indiferente frente a una decisi\u00f3n que implica debilitar el sistema de comunicaci\u00f3n p\u00fablica de la Ciudad, afectar su patrimonio cultural y generar incertidumbre sobre la continuidad laboral de trabajadores y trabajadoras del sector\u00bb, sentenciaron.<\/p>\n\n\n\n<p>Parlamentario.com<\/p>\n","protected":false},"excerpt":{"rendered":"<p>Desde FxBA aseveraron que esta decisi\u00f3n \u00abimplica debilitar el sistema de comunicaci\u00f3n p\u00fablica de la Ciudad, afectar su patrimonio cultural y generar incertidumbre sobre la continuidad laboral de trabajadores\u00bb. Luego de que el jefe de Gobierno de la Ciudad,&nbsp;Jorge Macri, anunciara que buscar\u00e1 avanzar con la concesi\u00f3n de losmedios p\u00fablicos porte\u00f1os, los legisladores de Fuerza [&hellip;]<\/p>\n","protected":false},"author":1,"featured_media":75461,"comment_status":"closed","ping_status":"closed","sticky":false,"template":"","format":"standard","meta":{"footnotes":""},"categories":[4],"tags":[],"class_list":["post-75460","post","type-post","status-publish","format-standard","has-post-thumbnail","hentry","category-politicia"],"_links":{"self":[{"href":"https:\/\/legislaturahoy.com\/index.php?rest_route=\/wp\/v2\/posts\/75460","targetHints":{"allow":["GET"]}}],"collection":[{"href":"https:\/\/legislaturahoy.com\/index.php?rest_route=\/wp\/v2\/posts"}],"about":[{"href":"https:\/\/legislaturahoy.com\/index.php?rest_route=\/wp\/v2\/types\/post"}],"author":[{"embeddable":true,"href":"https:\/\/legislaturahoy.com\/index.php?rest_route=\/wp\/v2\/users\/1"}],"replies":[{"embeddable":true,"href":"https:\/\/legislaturahoy.com\/index.php?rest_route=%2Fwp%2Fv2%2Fcomments&post=75460"}],"version-history":[{"count":1,"href":"https:\/\/legislaturahoy.com\/index.php?rest_route=\/wp\/v2\/posts\/75460\/revisions"}],"predecessor-version":[{"id":75462,"href":"https:\/\/legislaturahoy.com\/index.php?rest_route=\/wp\/v2\/posts\/75460\/revisions\/75462"}],"wp:featuredmedia":[{"embeddable":true,"href":"https:\/\/legislaturahoy.com\/index.php?rest_route=\/wp\/v2\/media\/75461"}],"wp:attachment":[{"href":"https:\/\/legislaturahoy.com\/index.php?rest_route=%2Fwp%2Fv2%2Fmedia&parent=75460"}],"wp:term":[{"taxonomy":"category","embeddable":true,"href":"https:\/\/legislaturahoy.com\/index.php?rest_route=%2Fwp%2Fv2%2Fcategories&post=75460"},{"taxonomy":"post_tag","embeddable":true,"href":"https:\/\/legislaturahoy.com\/index.php?rest_route=%2Fwp%2Fv2%2Ftags&post=75460"}],"curies":[{"name":"wp","href":"https:\/\/api.w.org\/{rel}","templated":true}]}}