{"id":75464,"date":"2026-03-17T14:07:30","date_gmt":"2026-03-17T14:07:30","guid":{"rendered":"https:\/\/legislaturahoy.com\/?p=75464"},"modified":"2026-03-17T14:07:31","modified_gmt":"2026-03-17T14:07:31","slug":"del-gaiso-arremetio-contra-rodriguez-larreta-por-sus-criticas-al-pro","status":"publish","type":"post","link":"https:\/\/legislaturahoy.com\/?p=75464","title":{"rendered":"Del Gaiso arremeti\u00f3 contra Rodr\u00edguez Larreta por sus cr\u00edticas al Pro"},"content":{"rendered":"\n<p>El diputado de la CC ARI advirti\u00f3 que le \u00abparece una gran error de Larreta creer que puede volver a ser jefe de Gobierno criticando al Pro\u00bb y destac\u00f3 los hitos de la gesti\u00f3n de Jorge Macri.<\/p>\n\n\n\n<p>Despu\u00e9s de que&nbsp;<strong>Horacio Rodr\u00edguez Larreta<\/strong>&nbsp;lanzar\u00e1 su nuevo espacio \u00abMetr\u00f3polis\u00bb, el diputado de Vamos por M\u00e1s (VxM) y referente de la Coalici\u00f3n C\u00edvica,&nbsp;<strong>Facundo Del Gaiso<\/strong>, arremeti\u00f3 contra el legislador de Confianza y Desarrollo (CyD) y consider\u00f3 que es un \u00aberror\u00bb lanzar una campa\u00f1a a jefe de Gobierno criticando la gesti\u00f3n del Pro.<\/p>\n\n\n\n<p>En ese sentido, el lilito explic\u00f3: \u00abno soy del Pro y me parece una gran error de Larreta creer que puede volver a ser jefe de Gobierno criticando al Pro.&nbsp; Tambi\u00e9n es un error del ejecutivo de la Ciudad, creer que suma criticar a Horacio<br \/>por la pol\u00edtica de inclusi\u00f3n en barrios populares\u00bb.<\/p>\n\n\n\n<p>Adem\u00e1s, advirti\u00f3 que \u00abes falso que el ejecutivo de la Ciudad quiera erradicar las &#8216;villas con topadora'\u00bb e indic\u00f3 que \u00abtampoco suma decir que hay m\u00e1s gente en situaci\u00f3n de calle, como si el responsable sea el Ejecutivo de la Ciudad de esa situaci\u00f3n, cuando ten\u00e9s 50 centros de inclusi\u00f3n social de primer nivel con la gesti\u00f3n de&nbsp;<strong>Jorge Macri<\/strong>. Algunos como el de Tacuari 1670, que es el primero en Latinoam\u00e9rica especializado en esquizofr\u00e9nicos, y se est\u00e1n por abrir 15 centros m\u00e1s y, adem\u00e1s, no tenes una Ley de Salud Mental acorde para poder dar respuesta a esta problem\u00e1tica\u00bb.<\/p>\n\n\n\n<p>En ese sentido, Del Gaiso remarc\u00f3 que \u00abla gesti\u00f3n de&nbsp;<strong>Fern\u00e1n Quir\u00f3s<\/strong>&nbsp;que fue una gesti\u00f3n de &#8216;primer mundo&#8217; con Larreta, hoy con Macri tiene una inversi\u00f3n en infraestructura hospitalaria, como jam\u00e1s se hizo en la historia de la Ciudad\u00bb y record\u00f3 que \u00abla Ciudad ya estaba sucia en el 2022, despu\u00e9s que se negoci\u00f3 la pr\u00f3rroga del contrato de basura \u2026 y a decir verdad est\u00e1 mucho mejor que hace un a\u00f1o y va a seguir mejorando, con innovaci\u00f3n tecnol\u00f3gica que se est\u00e1 incorporando\u00bb.<\/p>\n\n\n\n<p>Sobre esa misma l\u00ednea, el diputado remarc\u00f3 que \u00abel espacio p\u00fablico era un caos por que la Ciudad estaba tomada con piquetes y eso no era culpa de Larreta, pero tampoco hab\u00eda ninguna pol\u00edtica sobre manteros o recuperaci\u00f3n de las propiedades usurpadas en toda la Ciudad como tiene la gesti\u00f3n de Macri en forma exitosa\u00bb.<\/p>\n\n\n\n<p>\u00abEl camino es generar un espacio amplio con el Pro, la UCR, la Coalici\u00f3n Civica, Larreta, Republicamos ,Confianza P\u00fablica, y dem\u00e1s aliados y dar todas las discusiones, sin hipocres\u00edas. Intentando representar a los sectores medios, los que pagan sus impuestos y no ven que nadie le tira &#8216;un centro&#8217;\u201d, continu\u00f3 y agreg\u00f3: \u00absin proponer &#8216;salidas f\u00e1ciles&#8217; cuando gobernaste ocho a\u00f1os. Ni que todo lo que se hizo antes fue malo\u00bb.<\/p>\n\n\n\n<p>Finalmente, Del Gaiso concluy\u00f3 planteando que \u00abes&nbsp;f\u00e1cil decir que vas a hacer las grandes transformaciones cuando tuviste el Gobierno Nacional alineado y los cr\u00e9ditos de organismos multilaterales de acceso directo y f\u00e1cil, cosa que hoy es imposible. El camino es debatir la Ciudad que queremos, sin mentiras ni hipocres\u00edas, intentando construir algo distinto, de manera distinta\u00bb.<\/p>\n\n\n\n<p>Parlamentario.com<\/p>\n","protected":false},"excerpt":{"rendered":"<p>El diputado de la CC ARI advirti\u00f3 que le \u00abparece una gran error de Larreta creer que puede volver a ser jefe de Gobierno criticando al Pro\u00bb y destac\u00f3 los hitos de la gesti\u00f3n de Jorge Macri. Despu\u00e9s de que&nbsp;Horacio Rodr\u00edguez Larreta&nbsp;lanzar\u00e1 su nuevo espacio \u00abMetr\u00f3polis\u00bb, el diputado de Vamos por M\u00e1s (VxM) y referente [&hellip;]<\/p>\n","protected":false},"author":1,"featured_media":75465,"comment_status":"closed","ping_status":"closed","sticky":false,"template":"","format":"standard","meta":{"footnotes":""},"categories":[4],"tags":[],"class_list":["post-75464","post","type-post","status-publish","format-standard","has-post-thumbnail","hentry","category-politicia"],"_links":{"self":[{"href":"https:\/\/legislaturahoy.com\/index.php?rest_route=\/wp\/v2\/posts\/75464","targetHints":{"allow":["GET"]}}],"collection":[{"href":"https:\/\/legislaturahoy.com\/index.php?rest_route=\/wp\/v2\/posts"}],"about":[{"href":"https:\/\/legislaturahoy.com\/index.php?rest_route=\/wp\/v2\/types\/post"}],"author":[{"embeddable":true,"href":"https:\/\/legislaturahoy.com\/index.php?rest_route=\/wp\/v2\/users\/1"}],"replies":[{"embeddable":true,"href":"https:\/\/legislaturahoy.com\/index.php?rest_route=%2Fwp%2Fv2%2Fcomments&post=75464"}],"version-history":[{"count":1,"href":"https:\/\/legislaturahoy.com\/index.php?rest_route=\/wp\/v2\/posts\/75464\/revisions"}],"predecessor-version":[{"id":75466,"href":"https:\/\/legislaturahoy.com\/index.php?rest_route=\/wp\/v2\/posts\/75464\/revisions\/75466"}],"wp:featuredmedia":[{"embeddable":true,"href":"https:\/\/legislaturahoy.com\/index.php?rest_route=\/wp\/v2\/media\/75465"}],"wp:attachment":[{"href":"https:\/\/legislaturahoy.com\/index.php?rest_route=%2Fwp%2Fv2%2Fmedia&parent=75464"}],"wp:term":[{"taxonomy":"category","embeddable":true,"href":"https:\/\/legislaturahoy.com\/index.php?rest_route=%2Fwp%2Fv2%2Fcategories&post=75464"},{"taxonomy":"post_tag","embeddable":true,"href":"https:\/\/legislaturahoy.com\/index.php?rest_route=%2Fwp%2Fv2%2Ftags&post=75464"}],"curies":[{"name":"wp","href":"https:\/\/api.w.org\/{rel}","templated":true}]}}