{"id":75467,"date":"2026-03-17T14:08:22","date_gmt":"2026-03-17T14:08:22","guid":{"rendered":"https:\/\/legislaturahoy.com\/?p=75467"},"modified":"2026-03-17T14:08:24","modified_gmt":"2026-03-17T14:08:24","slug":"por-el-8m-se-realizo-el-encuentro-de-mujeres-trabajadoras-de-la-legislatura-portena","status":"publish","type":"post","link":"https:\/\/legislaturahoy.com\/?p=75467","title":{"rendered":"Por el 8M, se realiz\u00f3 el \u00abEncuentro de Mujeres Trabajadoras\u00bb de la Legislatura porte\u00f1a"},"content":{"rendered":"\n<p>Se trat\u00f3 de una reuni\u00f3n en la que trabajadoras de diferentes \u00e1reas destacaron y pusieron en valor su rol dentro de la instituci\u00f3n.<\/p>\n\n\n\n<p>En el marco del Mes de la Mujer, se realiz\u00f3 el \u00abEncuentro de Mujeres Trabajadoras\u00bb de la Legislatura de la Ciudad Aut\u00f3noma de Buenos Aires, en el que&nbsp;trabajadoras de distintas \u00e1reas se reunieron con el objetivo de destacar y poner en valor su rol dentro de la instituci\u00f3n.<\/p>\n\n\n\n<p>El acto se llev\u00f3 a cabo en el sal\u00f3n Presidente Per\u00f3n y cont\u00f3 con la presencia del vicepresidente primero,&nbsp;<strong>Mat\u00edas L\u00f3pez<\/strong>&nbsp;(VxM); el secretario administrativo,&nbsp;<strong>Christian Gribaudo<\/strong>; el aecretario parlamentario,&nbsp;<strong>Pablo Schillagi<\/strong>; la directora general de Financiero Contable,&nbsp;<strong>Karina Tur<\/strong>; la directora de Relaciones Internacionales, O<strong>rnela Vanzillotta<\/strong>; y&nbsp;<strong>N\u00e9lida Longobardi<\/strong>.<\/p>\n\n\n\n<p>La apertura estuvo a cargo de&nbsp;<strong>Mirta Coloca<\/strong>, responsable del Equipo Interdisciplinario; y la oratoria fue brindada por&nbsp;<strong>M\u00f3nica Santos<\/strong>&nbsp;del equipo de Capacitaci\u00f3n;<strong>&nbsp;Maricel Correa<\/strong>&nbsp;a cargo del Museo Legislativo; y la diputada&nbsp;<strong>Silvia Lospennato<\/strong>&nbsp;(VxM). Adem\u00e1s, estuvieron presentes el subsecretario de Planificaci\u00f3n Administrativa,&nbsp;<strong>Ezequiel Basima<\/strong>, entre otras autoridades.<\/p>\n\n\n\n<p>Durante el encuentro, las distintas referentes invitaron a reflexionar sobre el significado del 8 de marzo no solo como una fecha conmemorativa, sino como una oportunidad para reconocer las luchas hist\u00f3ricas de las mujeres y continuar construyendo espacios de mayor equidad dentro de la vida institucional y laboral. En ese sentido, se destac\u00f3 la importancia de sostener diariamente pr\u00e1cticas de respeto, inclusi\u00f3n y reconocimiento del trabajo de las mujeres.<\/p>\n\n\n\n<p>En ese contexto, Santos record\u00f3 sus inicios como docente y personal de recursos humanos, donde su trabajo legislativo le permiti\u00f3 concluir su segunda carrera como soci\u00f3loga. En su intervenci\u00f3n, agradeci\u00f3 el acompa\u00f1amiento de sus compa\u00f1eros y el compromiso de la Casa Legislativa en su trayectoria profesional.<\/p>\n\n\n\n<p>Por su parte, L\u00f3pez destac\u00f3 el rol de las mujeres y la lucha que realizan d\u00eda a d\u00eda. \u201cEs muy importante fomentar el trabajo en equipo, incluyendo y escuchando otras miradas de aquellas que hacen funcionar la Casa Legislativa\u201d, se\u00f1al\u00f3. Mientras que Gribaudo remarc\u00f3 que \u201cla igualdad no es un tema de un d\u00eda o de un mes, es una causa que debemos sostener todos los d\u00edas del a\u00f1o\u201d.<\/p>\n\n\n\n<p>En un emotivo mensaje, Longobardi comparti\u00f3 su experiencia tras m\u00e1s de seis d\u00e9cadas de trabajo en la instituci\u00f3n y destac\u00f3 la importancia del esfuerzo y la perseverancia en la construcci\u00f3n de mayores oportunidades para las mujeres. \u201cM\u00e1s all\u00e1 de ser mujer, soy una persona que cree en el esfuerzo y en la perseverancia. Luchen, porque si yo pude, ustedes tambi\u00e9n\u201d, expres\u00f3.<\/p>\n\n\n\n<p>Ornela Vanzillotta agradeci\u00f3 a los presentes y comparti\u00f3 el espacio con orgullo al recordar su trayectoria laboral. Si bien reconoce el trabajo realizado durante estos a\u00f1os de conquista de derechos, aclar\u00f3 que \u201ctodav\u00eda tenemos un largo camino por recorrer\u201d<\/p>\n\n\n\n<p>Finalmente,&nbsp; Lospennato destac\u00f3 la importancia de continuar fortaleciendo los espacios de participaci\u00f3n y compromiso colectivo de las mujeres. En ese sentido, afirm\u00f3 que el desaf\u00edo sigue siendo avanzar hacia una sociedad \u201cverdaderamente igualitaria\u201d, reconociendo el trabajo de quienes, d\u00eda a d\u00eda, sostienen y transforman las instituciones.<\/p>\n\n\n\n<p><\/p>\n\n\n\n<p>Parlamentario.com<a href=\"https:\/\/www.facebook.com\/sharer\/sharer.php?u=https%3A%2F%2Fwww.parlamentario.com%2F2026%2F03%2F17%2Fpor-el-8m-se-realizo-el-encuentro-de-mujeres-trabajadoras-de-la-legislatura-portena%2F\" target=\"_blank\" rel=\"noreferrer noopener\"><\/a><a href=\"https:\/\/x.com\/intent\/tweet?text=Por%20el%208M%2C%20se%20realiz%C3%B3%20el%20%22Encuentro%20de%20Mujeres%20Trabajadoras%22%20de%20la%20Legislatura%20porte%C3%B1a&amp;url=https%3A%2F%2Fwww.parlamentario.com%2F2026%2F03%2F17%2Fpor-el-8m-se-realizo-el-encuentro-de-mujeres-trabajadoras-de-la-legislatura-portena%2F&amp;via=elparlamentario\" target=\"_blank\" rel=\"noreferrer noopener\"><\/a><a href=\"https:\/\/api.whatsapp.com\/send?text=Por%20el%208M%2C%20se%20realiz%C3%B3%20el%20%22Encuentro%20de%20Mujeres%20Trabajadoras%22%20de%20la%20Legislatura%20porte%C3%B1a+https%3A%2F%2Fwww.parlamentario.com%2F2026%2F03%2F17%2Fpor-el-8m-se-realizo-el-encuentro-de-mujeres-trabajadoras-de-la-legislatura-portena%2F\" target=\"_blank\" rel=\"noreferrer noopener\"><\/a><\/p>\n","protected":false},"excerpt":{"rendered":"<p>Se trat\u00f3 de una reuni\u00f3n en la que trabajadoras de diferentes \u00e1reas destacaron y pusieron en valor su rol dentro de la instituci\u00f3n. En el marco del Mes de la Mujer, se realiz\u00f3 el \u00abEncuentro de Mujeres Trabajadoras\u00bb de la Legislatura de la Ciudad Aut\u00f3noma de Buenos Aires, en el que&nbsp;trabajadoras de distintas \u00e1reas se [&hellip;]<\/p>\n","protected":false},"author":1,"featured_media":75468,"comment_status":"closed","ping_status":"closed","sticky":false,"template":"","format":"standard","meta":{"footnotes":""},"categories":[4],"tags":[],"class_list":["post-75467","post","type-post","status-publish","format-standard","has-post-thumbnail","hentry","category-politicia"],"_links":{"self":[{"href":"https:\/\/legislaturahoy.com\/index.php?rest_route=\/wp\/v2\/posts\/75467","targetHints":{"allow":["GET"]}}],"collection":[{"href":"https:\/\/legislaturahoy.com\/index.php?rest_route=\/wp\/v2\/posts"}],"about":[{"href":"https:\/\/legislaturahoy.com\/index.php?rest_route=\/wp\/v2\/types\/post"}],"author":[{"embeddable":true,"href":"https:\/\/legislaturahoy.com\/index.php?rest_route=\/wp\/v2\/users\/1"}],"replies":[{"embeddable":true,"href":"https:\/\/legislaturahoy.com\/index.php?rest_route=%2Fwp%2Fv2%2Fcomments&post=75467"}],"version-history":[{"count":1,"href":"https:\/\/legislaturahoy.com\/index.php?rest_route=\/wp\/v2\/posts\/75467\/revisions"}],"predecessor-version":[{"id":75469,"href":"https:\/\/legislaturahoy.com\/index.php?rest_route=\/wp\/v2\/posts\/75467\/revisions\/75469"}],"wp:featuredmedia":[{"embeddable":true,"href":"https:\/\/legislaturahoy.com\/index.php?rest_route=\/wp\/v2\/media\/75468"}],"wp:attachment":[{"href":"https:\/\/legislaturahoy.com\/index.php?rest_route=%2Fwp%2Fv2%2Fmedia&parent=75467"}],"wp:term":[{"taxonomy":"category","embeddable":true,"href":"https:\/\/legislaturahoy.com\/index.php?rest_route=%2Fwp%2Fv2%2Fcategories&post=75467"},{"taxonomy":"post_tag","embeddable":true,"href":"https:\/\/legislaturahoy.com\/index.php?rest_route=%2Fwp%2Fv2%2Ftags&post=75467"}],"curies":[{"name":"wp","href":"https:\/\/api.w.org\/{rel}","templated":true}]}}