{"id":75630,"date":"2026-04-28T14:19:10","date_gmt":"2026-04-28T14:19:10","guid":{"rendered":"https:\/\/legislaturahoy.com\/?p=75630"},"modified":"2026-04-28T14:19:11","modified_gmt":"2026-04-28T14:19:11","slug":"la-legislatura-portena-debatira-sobre-el-derecho-a-la-protesta","status":"publish","type":"post","link":"https:\/\/legislaturahoy.com\/?p=75630","title":{"rendered":"La Legislatura porte\u00f1a debatir\u00e1 sobre el derecho a la protesta"},"content":{"rendered":"\n<p>Se trata de un encuentro encabezado por Vanina Biasi (FIT), en el que exigir\u00e1n la liberaci\u00f3n de Milton Tolomeo y Eneas Gallo.<\/p>\n\n\n\n<p>La legisladora del Frente de Izquierda de los Trabajadores (FIT)&nbsp;<strong>Vanina Biasi<\/strong>&nbsp;encabezar\u00e1 este mi\u00e9rcoles a las 16.30 una reuni\u00f3n especial en el sal\u00f3n Presidente Alfons\u00edn, en la que organizaciones de derechos humanos, pol\u00edticas, sociales y sindicales debatir\u00e1n acerca del derecho a la protesta y exigir\u00e1n la liberaci\u00f3n de&nbsp;<strong>Milton Tolomeo<\/strong>&nbsp;y&nbsp;<strong>Eneas Gallo<\/strong>, quienes fueron detenidos durante una movilizaci\u00f3n contra la reforma laboral que impulsa el Gobierno Nacional.<\/p>\n\n\n\n<p>Previo al encuentro, las legisladoras del FIT dar\u00e1n una conferencia de prensa en las inmediaciones de la Legislatura de la Ciudad Aut\u00f3noma de Buenos Aires, ubicada sobre Per\u00fa 160.<\/p>\n\n\n\n<p>Adem\u00e1s del debate sobre el derecho a la protesta, el objetivo del encuentro es de dar a conocer los casos de Tolomeo y Gallo, socorrista profesional uno y repartidor de Pedidos Ya el otro. Seg\u00fan dieron a conocer desde el espacio, Eneas fue detenido el pasado 18 de marzo y Milton el 15 de febrero.<\/p>\n\n\n\n<p>Parlamentario.com<\/p>\n","protected":false},"excerpt":{"rendered":"<p>Se trata de un encuentro encabezado por Vanina Biasi (FIT), en el que exigir\u00e1n la liberaci\u00f3n de Milton Tolomeo y Eneas Gallo. La legisladora del Frente de Izquierda de los Trabajadores (FIT)&nbsp;Vanina Biasi&nbsp;encabezar\u00e1 este mi\u00e9rcoles a las 16.30 una reuni\u00f3n especial en el sal\u00f3n Presidente Alfons\u00edn, en la que organizaciones de derechos humanos, pol\u00edticas, sociales [&hellip;]<\/p>\n","protected":false},"author":1,"featured_media":75631,"comment_status":"closed","ping_status":"closed","sticky":false,"template":"","format":"standard","meta":{"footnotes":""},"categories":[4],"tags":[],"class_list":["post-75630","post","type-post","status-publish","format-standard","has-post-thumbnail","hentry","category-politicia"],"_links":{"self":[{"href":"https:\/\/legislaturahoy.com\/index.php?rest_route=\/wp\/v2\/posts\/75630","targetHints":{"allow":["GET"]}}],"collection":[{"href":"https:\/\/legislaturahoy.com\/index.php?rest_route=\/wp\/v2\/posts"}],"about":[{"href":"https:\/\/legislaturahoy.com\/index.php?rest_route=\/wp\/v2\/types\/post"}],"author":[{"embeddable":true,"href":"https:\/\/legislaturahoy.com\/index.php?rest_route=\/wp\/v2\/users\/1"}],"replies":[{"embeddable":true,"href":"https:\/\/legislaturahoy.com\/index.php?rest_route=%2Fwp%2Fv2%2Fcomments&post=75630"}],"version-history":[{"count":1,"href":"https:\/\/legislaturahoy.com\/index.php?rest_route=\/wp\/v2\/posts\/75630\/revisions"}],"predecessor-version":[{"id":75632,"href":"https:\/\/legislaturahoy.com\/index.php?rest_route=\/wp\/v2\/posts\/75630\/revisions\/75632"}],"wp:featuredmedia":[{"embeddable":true,"href":"https:\/\/legislaturahoy.com\/index.php?rest_route=\/wp\/v2\/media\/75631"}],"wp:attachment":[{"href":"https:\/\/legislaturahoy.com\/index.php?rest_route=%2Fwp%2Fv2%2Fmedia&parent=75630"}],"wp:term":[{"taxonomy":"category","embeddable":true,"href":"https:\/\/legislaturahoy.com\/index.php?rest_route=%2Fwp%2Fv2%2Fcategories&post=75630"},{"taxonomy":"post_tag","embeddable":true,"href":"https:\/\/legislaturahoy.com\/index.php?rest_route=%2Fwp%2Fv2%2Ftags&post=75630"}],"curies":[{"name":"wp","href":"https:\/\/api.w.org\/{rel}","templated":true}]}}