{"id":75633,"date":"2026-04-28T14:19:47","date_gmt":"2026-04-28T14:19:47","guid":{"rendered":"https:\/\/legislaturahoy.com\/?p=75633"},"modified":"2026-04-28T14:19:48","modified_gmt":"2026-04-28T14:19:48","slug":"el-peronismo-buscara-reorganizarse-de-cara-al-2027","status":"publish","type":"post","link":"https:\/\/legislaturahoy.com\/?p=75633","title":{"rendered":"El peronismo buscar\u00e1 reorganizarse de cara al 2027"},"content":{"rendered":"\n<p>Este viernes se llevar\u00e1 a cabo el encuentro \u00abEl peronismo debate para ser alternativa nacional\u00bb, a partir de las 9.30 en el Parque Norte de la Ciudad. Participar\u00e1n los principales referentes peronistas.<\/p>\n\n\n\n<p>Con la mirada puesta sobre el proceso electoral que se llevar\u00e1 a cabo el pr\u00f3ximo a\u00f1o, el peronismo buscar\u00e1 reorganizarse y llevar\u00e1 a cabo el encuentro \u00abEl peronismo debate para ser alternativa nacional\u00bb, en el cu\u00e1l participar\u00e1n los principales referentes del espacio.<\/p>\n\n\n\n<p>La reuni\u00f3n se efectuar\u00e1 este viernes 1 de mayo a las 9.30 en el Parque Norte de la Ciudad Aut\u00f3noma de Buenos Aires.<\/p>\n\n\n\n<p>Respecto de la misma, la jefa del bloque Fuerza por Buenos Aires (FXBA),&nbsp;<strong>Claudia Neira<\/strong>, asegur\u00f3 que \u00abel peronismo siempre fue protagonista de los procesos de reconstrucci\u00f3n econ\u00f3mica y social de la Argentina, despu\u00e9s de los gobiernos que han pensado un pa\u00eds para pocos perjudicando la vida de millones de argentinos\u00bb.<\/p>\n\n\n\n<p>\u00abHoy m\u00e1s que nunca tenemos el deber de aportar en la construcci\u00f3n de una alternativa nacional. Primero las ideas.&nbsp;Desde abajo, con impronta federal y apertura real: un espacio de debate sobre las ideas que puedan ser el punto de partida de una alternativa nacional que recupere la representaci\u00f3n de las mayor\u00edas\u00bb, complet\u00f3 la legisladora.<\/p>\n\n\n\n<p>Parlamentario.com<\/p>\n","protected":false},"excerpt":{"rendered":"<p>Este viernes se llevar\u00e1 a cabo el encuentro \u00abEl peronismo debate para ser alternativa nacional\u00bb, a partir de las 9.30 en el Parque Norte de la Ciudad. Participar\u00e1n los principales referentes peronistas. Con la mirada puesta sobre el proceso electoral que se llevar\u00e1 a cabo el pr\u00f3ximo a\u00f1o, el peronismo buscar\u00e1 reorganizarse y llevar\u00e1 a [&hellip;]<\/p>\n","protected":false},"author":1,"featured_media":75634,"comment_status":"closed","ping_status":"closed","sticky":false,"template":"","format":"standard","meta":{"footnotes":""},"categories":[4],"tags":[],"class_list":["post-75633","post","type-post","status-publish","format-standard","has-post-thumbnail","hentry","category-politicia"],"_links":{"self":[{"href":"https:\/\/legislaturahoy.com\/index.php?rest_route=\/wp\/v2\/posts\/75633","targetHints":{"allow":["GET"]}}],"collection":[{"href":"https:\/\/legislaturahoy.com\/index.php?rest_route=\/wp\/v2\/posts"}],"about":[{"href":"https:\/\/legislaturahoy.com\/index.php?rest_route=\/wp\/v2\/types\/post"}],"author":[{"embeddable":true,"href":"https:\/\/legislaturahoy.com\/index.php?rest_route=\/wp\/v2\/users\/1"}],"replies":[{"embeddable":true,"href":"https:\/\/legislaturahoy.com\/index.php?rest_route=%2Fwp%2Fv2%2Fcomments&post=75633"}],"version-history":[{"count":1,"href":"https:\/\/legislaturahoy.com\/index.php?rest_route=\/wp\/v2\/posts\/75633\/revisions"}],"predecessor-version":[{"id":75635,"href":"https:\/\/legislaturahoy.com\/index.php?rest_route=\/wp\/v2\/posts\/75633\/revisions\/75635"}],"wp:featuredmedia":[{"embeddable":true,"href":"https:\/\/legislaturahoy.com\/index.php?rest_route=\/wp\/v2\/media\/75634"}],"wp:attachment":[{"href":"https:\/\/legislaturahoy.com\/index.php?rest_route=%2Fwp%2Fv2%2Fmedia&parent=75633"}],"wp:term":[{"taxonomy":"category","embeddable":true,"href":"https:\/\/legislaturahoy.com\/index.php?rest_route=%2Fwp%2Fv2%2Fcategories&post=75633"},{"taxonomy":"post_tag","embeddable":true,"href":"https:\/\/legislaturahoy.com\/index.php?rest_route=%2Fwp%2Fv2%2Ftags&post=75633"}],"curies":[{"name":"wp","href":"https:\/\/api.w.org\/{rel}","templated":true}]}}