{"id":75643,"date":"2026-04-30T16:03:02","date_gmt":"2026-04-30T16:03:02","guid":{"rendered":"https:\/\/legislaturahoy.com\/?p=75643"},"modified":"2026-04-30T16:03:13","modified_gmt":"2026-04-30T16:03:13","slug":"homenajearon-a-los-pumas-en-la-legislatura-de-la-ciudad","status":"publish","type":"post","link":"https:\/\/legislaturahoy.com\/?p=75643","title":{"rendered":"Homenajearon a Los Pumas en la Legislatura de la Ciudad"},"content":{"rendered":"\n<p>El Cuerpo Legislativo conmemor\u00f3 el nacimiento del hist\u00f3rico nombre del Seleccionado Argentino de Rugby, que surgi\u00f3 durante una gira por \u00c1frica, en 1965.<\/p>\n\n\n\n<p>En el marco de un acto que se llev\u00f3 a cabo en el Sal\u00f3n Dorado, la Legislatura de la Ciudad de Buenos Aires homenaje\u00f3 al Seleccionado Argentino de Rugby, conocido popularmente como Los Pumas, por los 60 a\u00f1os de dicha denominaci\u00f3n.<\/p>\n\n\n\n<p>En el evento estuvo presente el diputado de Vamos por Mas (VxM) y autor del proyecto,&nbsp;<strong>Pablo Donati<\/strong>. Tambi\u00e9n participaron los exrugbiers&nbsp;<strong>Francisco \u201cCoco\u201d Benzi<\/strong>&nbsp;y<strong>&nbsp;Juan Mart\u00edn Fern\u00e1ndez Lobbe<\/strong>; el presidente de la Uni\u00f3n Argentina de Rugby,&nbsp;<strong>F\u00e9lix P\u00e1ez Molina<\/strong>; y el secretario de Deportes de la Ciudad de Buenos Aires,&nbsp;<strong>Fabi\u00e1n Turnes<\/strong>.<\/p>\n\n\n\n<p>Fue entonces cuando Donati asever\u00f3 que \u00abhablar de los Pumas no es sin m\u00e1s, es simplemente hablar de un equipo de rugby. Es hablar de una historia que se escribe con esfuerzo y con una genuina vocaci\u00f3n y orgullo de representar a la Argentina en cada rinc\u00f3n del mundo\u201d y remarc\u00f3 que ser puma implica \u201crepresentar una tradici\u00f3n de entrega, de humildad en la victoria y de dignidad en la adversidad\u201d.<\/p>\n\n\n\n<p>Luego, Benzi \u2013quien form\u00f3 parte de aquel primer equipo-, record\u00f3 c\u00f3mo surgi\u00f3 el nombre caracter\u00edstico y la hist\u00f3rica traves\u00eda en el continente africano. \u201cRepresento a veintis\u00e9is compa\u00f1eros y hoy por hoy casi hermanos, de haber hecho una gira que nos sirvi\u00f3 para unirnos para siempre. En alg\u00fan momento vamos a ser los veintis\u00e9is en alg\u00fan lugar, y vamos a entrar a la cancha a jugar todos los partidos que nos faltan todav\u00eda\u201d, enfatiz\u00f3.<\/p>\n\n\n\n<p>A su vez, el jefe de Gobierno de la Ciudad de Buenos Aires,&nbsp;<strong>Jorge Macri<\/strong>, envi\u00f3 una carta de adhesi\u00f3n, donde recalc\u00f3 que aquel combinado \u201cno solo fue un hito estad\u00edstico, fue el punto de partida de una m\u00edstica\u201d. Y que sentaron las bases de una identidad que hoy nos distingue en todo el mundo.<\/p>\n\n\n\n<p>Por \u00faltimo, Fern\u00e1ndez Lobbe remarc\u00f3 la importancia de defender la camiseta nacional: \u201cJugar en la selecci\u00f3n argentina pas\u00f3 a ser a jugar en los Pumas, y jugar en los Pumas es jugar por algo m\u00e1s. Te genera algo especial. Uno puede tener la suerte de estar en los Pumas, pero sabiendo que siempre cuando uno entra, lo \u00fanico que tiene que hacer es tratar de dejar la camiseta un poco mejor\u201d.<\/p>\n\n\n\n<p>Cabe recordar que en 1965, el seleccionado argentino de rugby realiz\u00f3 una gira por Sud\u00e1frica que marcar\u00eda un hito en la historia del deporte nacional. El 19 de junio de ese a\u00f1o, en el estadio Ellis Park, Los Pumas vencieron a los Junior Springboks por 11 a 6, en una haza\u00f1a que conmovi\u00f3 al mundo deportivo y dio inicio a una nueva etapa para el rugby argentino.<\/p>\n\n\n\n<p>En esa ocasi\u00f3n, un periodista confundi\u00f3 la figura del yaguaret\u00e9 que portaba la camiseta argentina con la de un puma, y de all\u00ed surgi\u00f3 el nombre con el que desde entonces se identifica al equipo: Los Pumas. Ese apodo se transform\u00f3 en un s\u00edmbolo de esfuerzo, coraje y orgullo para nuestro pa\u00eds, trascendiendo el \u00e1mbito deportivo para instalarse en el imaginario cultural argentino.<\/p>\n\n\n\n<p>A lo largo de las d\u00e9cadas, Los Pumas han llevado la bandera celeste y blanca por los principales estadios del mundo, consiguiendo triunfos memorables y transmitiendo los valores del trabajo en equipo, la disciplina, la humildad y la pasi\u00f3n.<\/p>\n\n\n\n<p>Parlamentario.com<\/p>\n","protected":false},"excerpt":{"rendered":"<p>El Cuerpo Legislativo conmemor\u00f3 el nacimiento del hist\u00f3rico nombre del Seleccionado Argentino de Rugby, que surgi\u00f3 durante una gira por \u00c1frica, en 1965. En el marco de un acto que se llev\u00f3 a cabo en el Sal\u00f3n Dorado, la Legislatura de la Ciudad de Buenos Aires homenaje\u00f3 al Seleccionado Argentino de Rugby, conocido popularmente como [&hellip;]<\/p>\n","protected":false},"author":1,"featured_media":75644,"comment_status":"closed","ping_status":"closed","sticky":false,"template":"","format":"standard","meta":{"footnotes":""},"categories":[4],"tags":[],"class_list":["post-75643","post","type-post","status-publish","format-standard","has-post-thumbnail","hentry","category-politicia"],"_links":{"self":[{"href":"https:\/\/legislaturahoy.com\/index.php?rest_route=\/wp\/v2\/posts\/75643","targetHints":{"allow":["GET"]}}],"collection":[{"href":"https:\/\/legislaturahoy.com\/index.php?rest_route=\/wp\/v2\/posts"}],"about":[{"href":"https:\/\/legislaturahoy.com\/index.php?rest_route=\/wp\/v2\/types\/post"}],"author":[{"embeddable":true,"href":"https:\/\/legislaturahoy.com\/index.php?rest_route=\/wp\/v2\/users\/1"}],"replies":[{"embeddable":true,"href":"https:\/\/legislaturahoy.com\/index.php?rest_route=%2Fwp%2Fv2%2Fcomments&post=75643"}],"version-history":[{"count":1,"href":"https:\/\/legislaturahoy.com\/index.php?rest_route=\/wp\/v2\/posts\/75643\/revisions"}],"predecessor-version":[{"id":75645,"href":"https:\/\/legislaturahoy.com\/index.php?rest_route=\/wp\/v2\/posts\/75643\/revisions\/75645"}],"wp:featuredmedia":[{"embeddable":true,"href":"https:\/\/legislaturahoy.com\/index.php?rest_route=\/wp\/v2\/media\/75644"}],"wp:attachment":[{"href":"https:\/\/legislaturahoy.com\/index.php?rest_route=%2Fwp%2Fv2%2Fmedia&parent=75643"}],"wp:term":[{"taxonomy":"category","embeddable":true,"href":"https:\/\/legislaturahoy.com\/index.php?rest_route=%2Fwp%2Fv2%2Fcategories&post=75643"},{"taxonomy":"post_tag","embeddable":true,"href":"https:\/\/legislaturahoy.com\/index.php?rest_route=%2Fwp%2Fv2%2Ftags&post=75643"}],"curies":[{"name":"wp","href":"https:\/\/api.w.org\/{rel}","templated":true}]}}