{"id":75646,"date":"2026-04-30T16:03:48","date_gmt":"2026-04-30T16:03:48","guid":{"rendered":"https:\/\/legislaturahoy.com\/?p=75646"},"modified":"2026-04-30T16:03:48","modified_gmt":"2026-04-30T16:03:48","slug":"de-cara-a-las-elecciones-2027-la-ucr-busca-fortalecer-su-armado-en-la-ciudad","status":"publish","type":"post","link":"https:\/\/legislaturahoy.com\/?p=75646","title":{"rendered":"De cara a las elecciones 2027, la UCR busca fortalecer su armado en la Ciudad"},"content":{"rendered":"\n<p>Las autoridades del espacio realizaron un plenario enfocado en fortalecer su estructura pol\u00edtica y territorial.<\/p>\n\n\n\n<p>Con la mirada puesta sobre los comicios del pr\u00f3ximo a\u00f1o, la Uni\u00f3n C\u00edvica Radical (UCR) de la Ciudad de Buenos Aires llev\u00f3 adelante un plenario de convencionales que marc\u00f3 un fuerte gesto de unidad partidaria al aprobar por unanimidad el Plan de Acci\u00f3n Pol\u00edtica 2026-2028 y reorganizarse de cara al proceso electoral.<\/p>\n\n\n\n<p>El encuentro cont\u00f3 con&nbsp;la presencia del presidente del Comit\u00e9 Nacional de la UCR,&nbsp;<strong>Leo Chiarella<\/strong>, y reuni\u00f3 a 130 convencionales. La jornada fue moderada por el presidente de la UCR CABA,&nbsp;<strong>Hern\u00e1n Rossi<\/strong>, junto al secretario general,&nbsp;<strong>Juan Loupias<\/strong>, y la mesa de conducci\u00f3n partidaria, quienes impulsaron formalmente este nuevo esquema de trabajo.<\/p>\n\n\n\n<p>El Plan de Acci\u00f3n Pol\u00edtica, aprobado por unanimidad, contempla la conformaci\u00f3n de gabinetes especializados en distintas \u00e1reas con el objetivo de elaborar pol\u00edticas p\u00fablicas, promover la formaci\u00f3n de militantes y profundizar el trabajo territorial en las 15 comunas de la Ciudad. Bajo la consigna \u201cLa UCR te escucha, siempre cerca del vecino\u201d, el radicalismo porte\u00f1o buscar\u00e1 reforzar su presencia en los barrios y ampliar su capacidad de interlocuci\u00f3n con las demandas ciudadanas.<\/p>\n\n\n\n<p>Desde la conducci\u00f3n destacaron que esta estrategia apunta no solo a fortalecer la estructura partidaria, sino tambi\u00e9n a posicionar a la UCR CABA como una fuerza activa en la construcci\u00f3n de propuestas concretas para la gesti\u00f3n p\u00fablica. La combinaci\u00f3n entre formaci\u00f3n pol\u00edtica, desarrollo territorial y elaboraci\u00f3n program\u00e1tica aparece como uno de los pilares fundamentales de esta nueva etapa.<\/p>\n\n\n\n<p>Parlamentario.com<\/p>\n","protected":false},"excerpt":{"rendered":"<p>Las autoridades del espacio realizaron un plenario enfocado en fortalecer su estructura pol\u00edtica y territorial. Con la mirada puesta sobre los comicios del pr\u00f3ximo a\u00f1o, la Uni\u00f3n C\u00edvica Radical (UCR) de la Ciudad de Buenos Aires llev\u00f3 adelante un plenario de convencionales que marc\u00f3 un fuerte gesto de unidad partidaria al aprobar por unanimidad el [&hellip;]<\/p>\n","protected":false},"author":1,"featured_media":75647,"comment_status":"closed","ping_status":"closed","sticky":false,"template":"","format":"standard","meta":{"footnotes":""},"categories":[4],"tags":[],"class_list":["post-75646","post","type-post","status-publish","format-standard","has-post-thumbnail","hentry","category-politicia"],"_links":{"self":[{"href":"https:\/\/legislaturahoy.com\/index.php?rest_route=\/wp\/v2\/posts\/75646","targetHints":{"allow":["GET"]}}],"collection":[{"href":"https:\/\/legislaturahoy.com\/index.php?rest_route=\/wp\/v2\/posts"}],"about":[{"href":"https:\/\/legislaturahoy.com\/index.php?rest_route=\/wp\/v2\/types\/post"}],"author":[{"embeddable":true,"href":"https:\/\/legislaturahoy.com\/index.php?rest_route=\/wp\/v2\/users\/1"}],"replies":[{"embeddable":true,"href":"https:\/\/legislaturahoy.com\/index.php?rest_route=%2Fwp%2Fv2%2Fcomments&post=75646"}],"version-history":[{"count":1,"href":"https:\/\/legislaturahoy.com\/index.php?rest_route=\/wp\/v2\/posts\/75646\/revisions"}],"predecessor-version":[{"id":75648,"href":"https:\/\/legislaturahoy.com\/index.php?rest_route=\/wp\/v2\/posts\/75646\/revisions\/75648"}],"wp:featuredmedia":[{"embeddable":true,"href":"https:\/\/legislaturahoy.com\/index.php?rest_route=\/wp\/v2\/media\/75647"}],"wp:attachment":[{"href":"https:\/\/legislaturahoy.com\/index.php?rest_route=%2Fwp%2Fv2%2Fmedia&parent=75646"}],"wp:term":[{"taxonomy":"category","embeddable":true,"href":"https:\/\/legislaturahoy.com\/index.php?rest_route=%2Fwp%2Fv2%2Fcategories&post=75646"},{"taxonomy":"post_tag","embeddable":true,"href":"https:\/\/legislaturahoy.com\/index.php?rest_route=%2Fwp%2Fv2%2Ftags&post=75646"}],"curies":[{"name":"wp","href":"https:\/\/api.w.org\/{rel}","templated":true}]}}